{"id":1718,"date":"2021-09-30T11:57:14","date_gmt":"2021-09-30T09:57:14","guid":{"rendered":"https:\/\/www.magickazena.sk\/magazin\/?p=1718"},"modified":"2021-09-30T11:57:16","modified_gmt":"2021-09-30T09:57:16","slug":"am-molet","status":"publish","type":"post","link":"https:\/\/www.magickazena.sk\/magazin\/2021\/09\/30\/am-molet\/","title":{"rendered":"AM Molet"},"content":{"rendered":"\n<div class=\"wp-block-columns is-layout-flex wp-container-core-columns-is-layout-9d6595d7 wp-block-columns-is-layout-flex\">\n<div class=\"wp-block-column is-layout-flow wp-block-column-is-layout-flow\" style=\"flex-basis:100%\">\n<div class=\"wp-block-image\"><figure class=\"aligncenter size-large is-resized\"><img loading=\"lazy\" decoding=\"async\" src=\"https:\/\/www.magickazena.sk\/magazin\/wp-content\/uploads\/2021\/09\/O5-2.jpg\" alt=\"\" class=\"wp-image-1724\" width=\"416\" height=\"624\" srcset=\"https:\/\/www.magickazena.sk\/magazin\/wp-content\/uploads\/2021\/09\/O5-2.jpg 640w, https:\/\/www.magickazena.sk\/magazin\/wp-content\/uploads\/2021\/09\/O5-2-200x300.jpg 200w\" sizes=\"auto, (max-width: 416px) 100vw, 416px\" \/><\/figure><\/div>\n<\/div>\n<\/div>\n\n\n<blockquote>\n<p><strong>Rozhovor: Anna Merkov\u00e1<\/strong><\/p>\n<\/blockquote>\n<p><strong>\u00a0<\/strong><strong>Jej obchod AM Molet je \u00faspe\u0161ne u\u017e vy\u0161e dve desa\u0165ro\u010dia nielen neodmyslite\u013enou s\u00fa\u010das\u0165ou \u0160pit\u00e1lskej ulice v\u00a0Bratislave, ale predov\u0161etk\u00fdm symbolom kvality, originality a osobn\u00e9ho pr\u00edstupu v\u00a0m\u00f3de ur\u010denej pre plno\u0161t\u00edhle d\u00e1my a\u00a0p\u00e1nov. Na\u0161e hlavn\u00e9 mesto i ostatn\u00e9 k\u00faty Slovenska oblieka do kr\u00e1sy a\u00a0nesmierne ju to bav\u00ed \u2013 podnikate\u013eka a\u00a0milovn\u00ed\u010dka m\u00f3dy Anna Merkov\u00e1. <\/strong><\/p>\n<p><strong>\u010co v\u00e1s priviedlo k podnikaniu v\u00a0oblasti m\u00f3dy s\u00a0nadmern\u00fdmi ve\u013ekos\u0165ami?<\/strong><\/p>\n<p>K\u00a0m\u00f3de som mala v\u017edy bl\u00edzko, nako\u013eko ma odjak\u017eiva fascinovala. A poci\u0165ovala som nedostatok tohto typu sortimentu na na\u0161om trhu. Chcela som by\u0165 podnikate\u013esky samostatn\u00e1 a\u00a0rozhodla som sa uspokoji\u0165 pr\u00e1ve tento typ z\u00e1kazn\u00edkov.<\/p>\n<p><strong>Ak\u00e1 bola oproti tomu vtedaj\u0161ia situ\u00e1cia v\u00a0zahrani\u010d\u00ed? Vy\u0161tudovali ste zahrani\u010dn\u00fd obchod, bol pre v\u00e1s in\u0161pir\u00e1ciou?<\/strong><\/p>\n<p>Ur\u010dite \u00e1no. V\u00a090. rokoch u n\u00e1s za\u010dali zanika\u0165 v\u00a0podstate v\u0161etky v\u00fdroby, a\u00a0tak to bola pre m\u0148a, v\u010faka m\u00f4jmu \u0161t\u00fadiu, v\u00fdzva vyu\u017ei\u0165 moje poznatky v\u00a0praxi. Bez v\u00e1hania som za\u010dala obchodova\u0165 so zahrani\u010d\u00edm, ke\u010f\u017ee ako som spom\u00ednala, u n\u00e1s v\u00fdrobcovia nadmern\u00fdch ve\u013ekost\u00ed neboli.<\/p>\n<p><strong>\u00a0<\/strong><strong>Ako sa odvtedy zmenila situ\u00e1cia na na\u0161om m\u00f3dnom trhu?<\/strong><\/p>\n<p>Dnes u\u017e ur\u010dite nie je tak\u00e1 situ\u00e1cia s\u00a0nedostatkom ak\u00e1 bola kedysi, je to mo\u017eno pr\u00e1ve naopak&#8230;<\/p>\n<p><strong>Dnes je naozaj dostatok ak\u00e9hoko\u013evek tovaru, vr\u00e1tane nadmern\u00fdch konfek\u010dn\u00fdch ve\u013ekost\u00ed, rozdiel ale bude zrejme v\u00a0kvalite&#8230;<\/strong><\/p>\n<p>Presne tak. Dnes u\u017e nie je probl\u00e9m k\u00fapi\u0165 si oble\u010denie nadmern\u00fdch ve\u013ekost\u00ed kdeko\u013evek. Na trhu je v\u0161ak ve\u013ek\u00e1 z\u00e1plava nekvalitn\u00fdch materi\u00e1lov, ktor\u00e9 m\u00f4\u017eu na poh\u013ead vyzera\u0165 pekne, ale z\u00e1kazn\u00edkom dlho sl\u00fa\u017ei\u0165 nebud\u00fa. Ja sa cel\u00fd \u017eivot usilujem \u00eds\u0165 pr\u00e1ve opa\u010dn\u00fdm smerom a\u00a0kvalita je u\u00a0m\u0148a na prvom mieste.\u00a0A z\u00e1rove\u0148 sa sna\u017e\u00edm udr\u017ea\u0165 pre z\u00e1kazn\u00edkov cenov\u00fa dostupnos\u0165 a\u00a0originalitu. Modely m\u00e1m pov\u00e4\u010d\u0161ine len po jednom kuse, nikdy nie dvojmo. Tak\u017ee sa nikdy nestretn\u00fa dve kamar\u00e1tky, ktor\u00e9 u\u00a0m\u0148a nakupovali, v\u00a0tom istom.<\/p>\n<p><strong>\u00a0<\/strong><strong>Okrem kvality va\u0161i z\u00e1kazn\u00edci istotne oce\u0148uj\u00fa aj v\u00e1\u0161 individu\u00e1lny pr\u00edstup ku ka\u017ed\u00e9mu jedn\u00e9mu z\u00a0nich. Ka\u017ed\u00e9mu, kto k\u00a0v\u00e1m pr\u00edde vy sama osobne ve\u013emi rada porad\u00edte s\u00a0v\u00fdberom. Je to tie\u017e to, \u010do v\u00e1s vo va\u0161ej pr\u00e1ci nap\u013a\u0148a?<\/strong><\/p>\n<p>Bez \u017eiv\u00e9ho kontaktu so z\u00e1kazn\u00edkmi si svoju pr\u00e1cu neviem predstavi\u0165. Osobn\u00fd a\u00a0seri\u00f3zny pr\u00edstup je nadov\u0161etko. Poklad\u00e1m za \u201epovinnos\u0165\u201c, hoci pre m\u0148a je to rados\u0165 by\u0165 na prev\u00e1dzke a\u00a0komunikova\u0165 s\u00a0klientmi. T\u00fato \u010das\u0165 pr\u00e1ce dokonca vn\u00edmam a\u00a0u\u017e\u00edvam si viac z\u00a0\u013eudsk\u00e9ho ako z\u00a0podnikate\u013esk\u00e9ho h\u013eadiska. V\u00a0kone\u010dnom d\u00f4sledku sa to ale kr\u00e1sne sp\u00e1ja a\u00a0odzrkadl\u00ed sa to aj na spokojnosti z\u00e1kazn\u00edkov. V\u010faka individu\u00e1lnemu pr\u00edstupu som napr\u00edklad mnoh\u00fdch nau\u010dila nenosi\u0165 len \u010diernu alebo tmav\u00e9 farby. A ke\u010f sa ku mne z\u00e1kazn\u00edci vracaj\u00fa, to je pre m\u0148a najv\u00e4\u010d\u0161ia odmena.<\/p>\n<p><strong>\u00a0<\/strong><strong>N\u00e1jdu sa niekedy aj \u201etvrdohlavci\u201c, ktor\u00ed si nechc\u00fa da\u0165 poradi\u0165? \u010co potom s\u00a0nimi? <\/strong><\/p>\n<p>Samozrejme, s\u00fa aj tak\u00ed, ale v\u017edy sa n\u00e1jde sp\u00f4sob, ako si s\u00a0nimi porad\u00edm. (smiech) Ka\u017ed\u00e9ho z\u00e1kazn\u00edka sa ale najsk\u00f4r op\u00fdtam, \u010di k\u00a0nemu m\u00f4\u017eem by\u0165 kritick\u00e1. A\u00a0ke\u010f mi to dovol\u00ed, nie je cesty sp\u00e4\u0165&#8230; (smiech) Ono je to o\u00a0tom, \u017ee ka\u017ed\u00fd sa chce p\u00e1\u010di\u0165 s\u00e1m sebe a\u00a0aj okoliu. Tak\u017ee zatia\u013e ka\u017ed\u00fd \u201etvrdohlavec\u201c zm\u00e4kol, a\u00a0aj ke\u010f nie hne\u010f, tak na druh\u00fd de\u0148 ur\u010dite a\u00a0vr\u00e1til sa&#8230; (smiech)<\/p>\n<p><strong>Tak\u017ee mus\u00edte by\u0165 niekedy aj psychol\u00f3gom&#8230;<\/strong><\/p>\n<p>Jasn\u00e9, bez toho to nejde!<\/p>\n<p><strong>Odkia\u013e predov\u0161etk\u00fdm dov\u00e1\u017eate svoj tovar?<\/strong><\/p>\n<p>Dov\u00e1\u017eam najm\u00e4 zo \u0160kandin\u00e1vie, z\u00a0Nemecka, \u010di Franc\u00fazska. S\u00fa to krajiny, ktor\u00e9 maj\u00fa ve\u013ek\u00fd zmysel pre zauj\u00edmav\u00e9 strihy, nehovoriac o\u00a0spom\u00ednanej kvalite materi\u00e1lov, na ktorej si d\u00e1vaj\u00fa ve\u013emi z\u00e1le\u017ea\u0165, tak\u017ee sa nemus\u00edm ni\u010doho ob\u00e1va\u0165. Ich konfekcie mi nie\u010d\u00edm zaka\u017ed\u00fdm vyrazia dych.<\/p>\n<p><strong>\u00a0<\/strong><strong>Zvyknete aj sama cestova\u0165 na obchodn\u00e9 n\u00e1kupy? <\/strong><\/p>\n<p>Na n\u00e1kupy cestujem pravidelne. Stretnem na nich v\u017edy ve\u013emi ve\u013ea mil\u00fdch \u013eud\u00ed. Ale nie je to, \u017eia\u013e, dovolenka. Je to kr\u00e1sne a\u00a0m\u00f4\u017ee to znie\u0165 ako sen, cel\u00e9 dni nakupova\u0165, ale je to z\u00e1rove\u0148 aj n\u00e1ro\u010dn\u00e9 a\u00a0vy\u010derp\u00e1vaj\u00face, preto\u017ee som zodpovedn\u00e1 za to, \u010do prinesiem svojim z\u00e1kazn\u00edkom a\u00a0\u010di sa im to bude p\u00e1\u010di\u0165.<\/p>\n<p><strong>\u00a0<\/strong><strong>Nakupujete aj od slovensk\u00fdch v\u00fdrobcov?<\/strong><\/p>\n<p>Ur\u010dite by som sa tomu nebr\u00e1nila, keby sa na slovenskom trhu obnovila v\u00fdroba a\u00a0objavil by sa v\u00fdrobca, ktor\u00fd by ma oslovil svojou kvalitou, dobrou cenou a\u00a0seri\u00f3znym pr\u00edstupom.<\/p>\n<p><strong>\u00a0<\/strong><strong>M\u00f3da je \u017eiv\u00e1 a\u00a0neust\u00e1le sa vyv\u00edja spolu so \u017eivotom spolo\u010dnosti. Zmenil sa aj poh\u013ead Slov\u00e1kov na m\u00f3du?<\/strong><\/p>\n<p>Slovensk\u00fd z\u00e1kazn\u00edci sa dnes ove\u013ea viac zauj\u00edmaj\u00fa o\u00a0mladistvej\u0161ie, odv\u00e1\u017enej\u0161ie a\u00a0farebnej\u0161ie n\u00e1vrhy a\u00a0nie a\u017e tak o \u00fapln\u00fa klasiku, pokia\u013e to nevy\u017eaduje ich pracovn\u00e1 poz\u00edcia alebo dan\u00e1 pr\u00edle\u017eitos\u0165, na ktor\u00fa si oble\u010denie kupuj\u00fa. Celkovo ale dominuje snaha o\u00a0originalitu.<\/p>\n<p><strong>\u00a0<\/strong><strong>Pon\u00fakate aj z\u00e1kazkov\u00e9 \u0161itie \u2013 je o\u0148 u n\u00e1s z\u00e1ujem? Chodia za vami klienti so svojimi n\u00e1vrhmi?<\/strong><\/p>\n<p>V\u00a0porovnan\u00ed s\u00a0minulos\u0165ou je dnes o\u00a0z\u00e1kazkov\u00e9 \u0161itie men\u0161\u00ed z\u00e1ujem ako kedysi, nako\u013eko existuj\u00face n\u00e1vrhy dok\u00e1\u017eu uspokoji\u0165 aj n\u00e1ro\u010dn\u00fdch klientov. V\u00e4\u010d\u0161inou sa t\u00fdka spolo\u010denskej m\u00f3dy, naj\u010dastej\u0161ie chodia svadobn\u00e9 mamy. Nechodia ale so svojimi n\u00e1vrhmi, v\u0161etko nechaj\u00fa v\u017edy na m\u0148a, vr\u00e1tane navrhovania. Dnes mnoh\u00ed takisto vyu\u017e\u00edvaj\u00fa na\u0161e slu\u017eby \u00fapravy a\u00a0opravy odevov, ktor\u00e9 takisto pon\u00fakame.<\/p>\n<p><strong>\u00a0<\/strong><strong>Chod\u00ed k\u00a0v\u00e1m nakupova\u0165 viac \u017eien alebo mu\u017eov?<\/strong><\/p>\n<p>Gro nakupuj\u00facich tvoria \u017eeny. Ak by sme to mali vyjadri\u0165 percentami, tak by to bolo asi 80 % \u017eien a\u00a020 % mu\u017eov. T\u00ed svojim \u017een\u00e1m odobruj\u00fa n\u00e1kupy svojou pr\u00edtomnos\u0165ou, l\u00e1skou a\u00a0hlavne financiami.<\/p>\n<p><strong>\u00a0<\/strong><strong>Z\u00e1ujem o\u00a0v\u00e1\u0161 tovar dokazuje, \u017ee aj \u013eudia pln\u0161\u00edch tvarov sa prirodzene chc\u00fa oblieka\u0165 pekne a\u00a0\u0161t\u00fdlovo, nie ka\u017ed\u00fd ale presne vie, \u010do mu pristane. \u010co by malo by\u0165 pri v\u00fdbere najd\u00f4le\u017eitej\u0161ie.<\/strong><\/p>\n<p>Najd\u00f4le\u017eitej\u0161ie je pozna\u0165 svoju spr\u00e1vnu ve\u013ekos\u0165, \u010do niektor\u00ed z\u00e1kazn\u00edci nevedia. A\u00a0tak sa potom st\u00e1va, \u017ee sa chc\u00fa zmesti\u0165 do men\u0161\u00edch \u010d\u00edsel, alebo si naopak chc\u00fa k\u00fapi\u0165 zbyto\u010dne v\u00e4\u010d\u0161ie ve\u013ekosti. Je to aj vplyvom toho, \u017ee s\u00fa dezorientovan\u00ed ve\u013ekos\u0165ami v\u00fdrobkov z\u00a0lacn\u00fdch obchodov. Pritom pr\u00e1ve spr\u00e1vna ve\u013ekos\u0165 dok\u00e1\u017ee urobi\u0165 s\u00a0v\u00fdsledn\u00fdm dojmom hotov\u00e9 divy. Aj kv\u00f4li tomu je v\u00a0na\u0161om obchode d\u00f4le\u017eit\u00fd osobn\u00fd pr\u00edstup ku ka\u017ed\u00e9mu z\u00e1kazn\u00edkovi, ktor\u00fdm ich dok\u00e1\u017eem spr\u00e1vne usmerni\u0165. Ke\u010f klient svoju ve\u013ekos\u0165 pozn\u00e1, nie je probl\u00e9m, posla\u0165 mu potom z\u00e1sielku aj na dobierku. Posielame po celom Slovensku.<\/p>\n<pre>\u00a0<\/pre>\n\n\n<figure class=\"wp-block-gallery columns-3 is-cropped wp-block-gallery-1 is-layout-flex wp-block-gallery-is-layout-flex\"><ul class=\"blocks-gallery-grid\"><li class=\"blocks-gallery-item\"><figure><img loading=\"lazy\" decoding=\"async\" width=\"910\" height=\"1024\" src=\"https:\/\/www.magickazena.sk\/magazin\/wp-content\/uploads\/2021\/09\/O1-910x1024.jpg\" alt=\"\" data-id=\"1725\" data-full-url=\"https:\/\/www.magickazena.sk\/magazin\/wp-content\/uploads\/2021\/09\/O1.jpg\" data-link=\"https:\/\/www.magickazena.sk\/magazin\/?attachment_id=1725\" class=\"wp-image-1725\" srcset=\"https:\/\/www.magickazena.sk\/magazin\/wp-content\/uploads\/2021\/09\/O1-910x1024.jpg 910w, https:\/\/www.magickazena.sk\/magazin\/wp-content\/uploads\/2021\/09\/O1-267x300.jpg 267w, https:\/\/www.magickazena.sk\/magazin\/wp-content\/uploads\/2021\/09\/O1-768x864.jpg 768w, https:\/\/www.magickazena.sk\/magazin\/wp-content\/uploads\/2021\/09\/O1.jpg 960w\" sizes=\"auto, (max-width: 910px) 100vw, 910px\" \/><\/figure><\/li><li class=\"blocks-gallery-item\"><figure><img loading=\"lazy\" decoding=\"async\" width=\"701\" height=\"960\" src=\"https:\/\/www.magickazena.sk\/magazin\/wp-content\/uploads\/2021\/09\/O6.jpg\" alt=\"\" data-id=\"1726\" data-full-url=\"https:\/\/www.magickazena.sk\/magazin\/wp-content\/uploads\/2021\/09\/O6.jpg\" data-link=\"https:\/\/www.magickazena.sk\/magazin\/?attachment_id=1726\" class=\"wp-image-1726\" srcset=\"https:\/\/www.magickazena.sk\/magazin\/wp-content\/uploads\/2021\/09\/O6.jpg 701w, https:\/\/www.magickazena.sk\/magazin\/wp-content\/uploads\/2021\/09\/O6-219x300.jpg 219w\" sizes=\"auto, (max-width: 701px) 100vw, 701px\" \/><\/figure><\/li><li class=\"blocks-gallery-item\"><figure><img loading=\"lazy\" decoding=\"async\" width=\"960\" height=\"960\" src=\"https:\/\/www.magickazena.sk\/magazin\/wp-content\/uploads\/2021\/09\/O10.jpg\" alt=\"\" data-id=\"1727\" data-full-url=\"https:\/\/www.magickazena.sk\/magazin\/wp-content\/uploads\/2021\/09\/O10.jpg\" data-link=\"https:\/\/www.magickazena.sk\/magazin\/?attachment_id=1727\" class=\"wp-image-1727\" srcset=\"https:\/\/www.magickazena.sk\/magazin\/wp-content\/uploads\/2021\/09\/O10.jpg 960w, https:\/\/www.magickazena.sk\/magazin\/wp-content\/uploads\/2021\/09\/O10-300x300.jpg 300w, https:\/\/www.magickazena.sk\/magazin\/wp-content\/uploads\/2021\/09\/O10-150x150.jpg 150w, https:\/\/www.magickazena.sk\/magazin\/wp-content\/uploads\/2021\/09\/O10-768x768.jpg 768w\" sizes=\"auto, (max-width: 960px) 100vw, 960px\" \/><\/figure><\/li><li class=\"blocks-gallery-item\"><figure><img loading=\"lazy\" decoding=\"async\" width=\"958\" height=\"640\" src=\"https:\/\/www.magickazena.sk\/magazin\/wp-content\/uploads\/2021\/09\/O9-1.jpg\" alt=\"\" data-id=\"1729\" data-full-url=\"https:\/\/www.magickazena.sk\/magazin\/wp-content\/uploads\/2021\/09\/O9-1.jpg\" data-link=\"https:\/\/www.magickazena.sk\/magazin\/?attachment_id=1729\" class=\"wp-image-1729\" srcset=\"https:\/\/www.magickazena.sk\/magazin\/wp-content\/uploads\/2021\/09\/O9-1.jpg 958w, https:\/\/www.magickazena.sk\/magazin\/wp-content\/uploads\/2021\/09\/O9-1-300x200.jpg 300w, https:\/\/www.magickazena.sk\/magazin\/wp-content\/uploads\/2021\/09\/O9-1-768x513.jpg 768w\" sizes=\"auto, (max-width: 958px) 100vw, 958px\" \/><\/figure><\/li><\/ul><\/figure>\n\n\n<p><strong>Prezrad\u00edte n\u00e1m aj nejak\u00e9 u\u017eito\u010dn\u00e9 triky na optick\u00e9 zo\u0161t\u00edhlenie postavy? <\/strong><\/p>\n<p>To je individu\u00e1lne, preto\u017ee z\u00e1le\u017e\u00ed od typu postavy. Preto rovnako, ako je d\u00f4le\u017eit\u00e9 pozna\u0165 svoju ve\u013ekos\u0165, je d\u00f4le\u017eit\u00e9 pozna\u0165 aj svoj typ postavy a\u00a0tomu prisp\u00f4sobi\u0165 v\u00fdber. Ur\u010dite je ale vhodn\u00e9 vrstvenie, \u010d\u00edm nemysl\u00edm vol\u00e1n na vol\u00e1n, ale r\u00f4zne komplety. Napr\u00edklad na vy\u0161\u0161\u00edch postav\u00e1ch kr\u00e1sne vynikn\u00fa trojkombin\u00e1cie. \u010ealej s\u00fa ve\u013emi vhodn\u00e9 priliehav\u00e9, vo\u013ene padaj\u00face strihy a\u00a0kombinovanie dvoch \u2013 troch farieb.<\/p>\n<p><strong>Ak\u00e9 s\u00fa aktu\u00e1lne trendy? \u010co sa napr\u00edklad bude nosi\u0165 toto leto?<\/strong><\/p>\n<p>M\u00f3dne trendy sa v\u00a0ur\u010dit\u00fdch cykloch opakuj\u00fa, pri\u010dom sa ale menia materi\u00e1ly, farby, \u010di vzory. T\u00fato sez\u00f3nu ur\u010dite nebud\u00fa ch\u00fdba\u0165 kvety a\u00a0najm\u00e4 maxim\u00e1lna farebnos\u0165. Trendom oble\u010denia tohto leta je veselos\u0165, m\u00e1 pod\u010diarknu\u0165 dobr\u00fa n\u00e1ladu. V\u00a0popred\u00ed bude jab\u013a\u010dkovo-zelen\u00e1 a\u00a0\u017elt\u00e1 farba. Obe mo\u017eno skvelo zladi\u0165 s\u00a0\u010diernou.<\/p>\n<p><strong>Je nie\u010do, \u010do by sme si pri oblej\u0161\u00edch tvaroch oblieka\u0165 nemali?<\/strong><\/p>\n<p>Ne\u00famerne napasovan\u00e9 veci. Ka\u017ed\u00e9 oble\u010denie treba v\u017edy voli\u0165 adekv\u00e1tne, aby opticky formovalo postavu a\u00a0neodha\u013eovalo to, \u010do sa klient usiluje skry\u0165.<\/p>\n<p><strong>\u00a0<\/strong><strong>\u010co pre v\u00e1s m\u00f3da znamen\u00e1 dnes? Bav\u00ed v\u00e1s e\u0161te tak ako na za\u010diatku?<\/strong><\/p>\n<p>M\u00f3da je neoddelite\u013enou s\u00fa\u010das\u0165ou m\u00f4jho \u017eivota. Tak\u017ee \u00e1no, bav\u00ed ma tak ako na za\u010diatku a\u00a0mo\u017eno e\u0161te viac, preto\u017ee dnes je v nej nekone\u010dno mo\u017enost\u00ed. Je to nesmierne dynamick\u00fd sektor. U\u017e teraz pripravujem kolekciu na bud\u00face leto!<\/p>\n<p><strong>\u00a0<\/strong><strong>Netrp\u00edte niekedy \u201eprofesion\u00e1lnou deform\u00e1ciou\u201c \u2013 \u017ee sledujete, \u010do maj\u00fa \u013eudia na sebe oble\u010den\u00e9 a\u00a0ako im to pristane-nepristane, ke\u010f idete napr\u00edklad po ulici?<\/strong><\/p>\n<p>Rozhodne si to v\u0161\u00edmam. Som v\u00a0tomto smere poriadne \u201edeformovan\u00e1\u201c a\u00a0niektor\u00fdm by som najrad\u0161ej str\u010dila do ruky moju vizitku&#8230; (smiech)<\/p>\n<p><strong>\u00a0<\/strong><strong>Ako sa zmenil v\u00e1\u0161 vkus pri vlastnom obliekan\u00ed \u2013 spomeniete si na nejak\u00e9 v\u00fdstrelky, ktor\u00e9 dnes nech\u00e1pete, ako ste si ich kedysi mohli obliec\u0165?<\/strong><\/p>\n<p>To je v\u017edy genera\u010dn\u00e1 z\u00e1le\u017eitos\u0165 \u2013 ka\u017ed\u00e1 gener\u00e1cia sa v\u017edy nesk\u00f4r pozer\u00e1 do fotoalbumu a\u00a0\u010duduje sa a smeje na tom, ako mohla nie\u010do tak\u00e9 nosi\u0165. Ja osobne takto spom\u00ednam na nohavicov\u00e9 sukne \u2013 \u0161irok\u00e1nske obrovsk\u00e9 gate z\u00a0tvrd\u00e9ho materi\u00e1lu, ktor\u00e9 st\u00e1li ako plech\u00a0 a\u00a0krymplenov\u00e9 modely 80. rokov&#8230;<\/p>\n<p><strong>\u00a0<\/strong><strong>Ktor\u00fd \u0161t\u00fdl je v\u00e1m najbli\u017e\u0161\u00ed dnes?<\/strong><\/p>\n<p>Z\u00e1vis\u00ed od pr\u00edle\u017eitosti, ale v\u017edy si obliekam len to, v \u010dom mi je pohodlne a\u00a0\u010do vyjadruje moju osobnos\u0165. Na ka\u017edodenn\u00e9 nosenie m\u00e1m najrad\u0161ej \u0161portovo-elegantn\u00fd \u0161t\u00fdl a pr\u00edrodn\u00e9 materi\u00e1ly, svetl\u00e9 farby. Na spolo\u010densk\u00e9 udalosti s\u00fa to zase jednoduch\u00e9 elegantn\u00e9 puzdrov\u00e9 \u0161aty, doplnen\u00e9 \u0161perkom.<\/p>\n<p><strong>\u00a0<\/strong><strong>Existuje nie\u010do, \u010do by ste si nikdy neobliekli?<\/strong><\/p>\n<p>Nikdy nehovor nikdy. (smiech)<\/p>\n<p><strong>\u00a0<\/strong><strong>Nakupujete si oble\u010denie aj v\u00a0in\u00fdch obchodoch, alebo nos\u00edte predov\u0161etk\u00fdm k\u00fasky, ktor\u00e9 poch\u00e1dzaj\u00fa z\u00a0va\u0161ej predajne?<\/strong><\/p>\n<p>Nos\u00edm v\u017edy len to, \u010do sama pon\u00fakam vo svojom obchode. Nikdy nenakupujem inde.<\/p>\n<p><strong>\u00a0<\/strong><strong>Ak\u00fd ve\u013ek\u00fd \u0161atn\u00edk m\u00e1te doma? M\u00e1te u\u00a0seba druh\u00fd obchod?<\/strong><\/p>\n<p>\u0160atn\u00edk m\u00e1m ve\u013ek\u00fd, ako ka\u017ed\u00e1 \u017eena, ale je praktick\u00fd a\u00a0hoci ho pravidelne z\u00e1sobujem, tak ho aj pravidelne pretrie\u010fujem a\u00a0oble\u010denie darujem. Nako\u013eko m\u00e1m pracovn\u00e9 kontrakty dvakr\u00e1t do roka a\u00a0v\u017edy pr\u00edde nov\u00e1 kolekcia, tak si z\u00a0ka\u017edej v\u017edy nie\u010do vyberiem. Tak\u017ee minim\u00e1lne desa\u0165 nov\u00fdch modelov m\u00e1m ka\u017ed\u00fd rok doma. Ale druh\u00fd obchod doma nem\u00e1m, nem\u00e1m tam svoj sklad. (smiech)<\/p>\n<p><strong>\u00a0<\/strong><strong>Pekn\u00e9ho oble\u010denia, zrejme nikdy nie je dos\u0165. S\u00fahlas\u00edte?<\/strong><\/p>\n<p>Na 100%! Ka\u017ed\u00fd \u010dlovek je osobit\u00fd a prezentuje s\u00e1m seba aj formou oble\u010denia. A\u00a0pekn\u00fdch str\u00e1nok n\u00e1s sam\u00fdch je nekone\u010dno.<\/p>\n<p><span style=\"text-decoration: line-through;\">\u00a0<\/span><\/p>\n<pre><strong>Nap\u00edsala:<\/strong> ZunaS<br \/><strong>Arch\u00edv:<\/strong> Magick\u00e1 \u017eena j\u00fal - september 2020<\/pre>","protected":false},"excerpt":{"rendered":"<p>Rozhovor: Anna Merkov\u00e1 \u00a0Jej obchod AM Molet je \u00faspe\u0161ne u\u017e vy\u0161e dve desa\u0165ro\u010dia nielen neodmyslite\u013enou s\u00fa\u010das\u0165ou \u0160pit\u00e1lskej ulice v\u00a0Bratislave, ale predov\u0161etk\u00fdm symbolom kvality, originality a osobn\u00e9ho pr\u00edstupu v\u00a0m\u00f3de ur\u010denej pre plno\u0161t\u00edhle d\u00e1my a\u00a0p\u00e1nov. Na\u0161e hlavn\u00e9 mesto i ostatn\u00e9 k\u00faty Slovenska oblieka do kr\u00e1sy a\u00a0nesmierne ju to bav\u00ed \u2013 podnikate\u013eka a\u00a0milovn\u00ed\u010dka m\u00f3dy Anna Merkov\u00e1. \u010co v\u00e1s priviedlo k podnikaniu v\u00a0oblasti m\u00f3dy s\u00a0nadmern\u00fdmi ve\u013ekos\u0165ami? K\u00a0m\u00f3de som mala v\u017edy bl\u00edzko, nako\u013eko ma odjak\u017eiva fascinovala. A poci\u0165ovala som nedostatok tohto typu sortimentu na na\u0161om trhu. Chcela som by\u0165 podnikate\u013esky samostatn\u00e1 a\u00a0rozhodla som sa uspokoji\u0165 pr\u00e1ve tento typ z\u00e1kazn\u00edkov. Ak\u00e1 bola oproti tomu vtedaj\u0161ia situ\u00e1cia v\u00a0zahrani\u010d\u00ed? Vy\u0161tudovali ste zahrani\u010dn\u00fd obchod, bol pre v\u00e1s in\u0161pir\u00e1ciou? Ur\u010dite \u00e1no. V\u00a090. rokoch u n\u00e1s za\u010dali zanika\u0165 v\u00a0podstate v\u0161etky v\u00fdroby, a\u00a0tak to bola pre m\u0148a, v\u010faka m\u00f4jmu \u0161t\u00fadiu, v\u00fdzva vyu\u017ei\u0165 moje poznatky v\u00a0praxi. Bez v\u00e1hania som za\u010dala obchodova\u0165 so zahrani\u010d\u00edm, ke\u010f\u017ee ako som spom\u00ednala, u n\u00e1s v\u00fdrobcovia nadmern\u00fdch ve\u013ekost\u00ed neboli. \u00a0Ako sa odvtedy zmenila situ\u00e1cia na na\u0161om m\u00f3dnom trhu? Dnes u\u017e ur\u010dite nie je tak\u00e1 situ\u00e1cia s\u00a0nedostatkom ak\u00e1 bola kedysi, je to mo\u017eno pr\u00e1ve naopak&#8230; Dnes je naozaj dostatok ak\u00e9hoko\u013evek tovaru, vr\u00e1tane nadmern\u00fdch konfek\u010dn\u00fdch ve\u013ekost\u00ed, rozdiel ale bude zrejme v\u00a0kvalite&#8230; Presne tak. Dnes u\u017e nie je probl\u00e9m k\u00fapi\u0165 si oble\u010denie [&hellip;]<\/p>\n","protected":false},"author":1,"featured_media":1720,"comment_status":"closed","ping_status":"closed","sticky":false,"template":"single-sidebar.php","format":"standard","meta":{"footnotes":""},"categories":[3],"tags":[24,59,29,37],"class_list":["post-1718","post","type-post","status-publish","format-standard","has-post-thumbnail","hentry","category-zdravieakrasa","tag-krasa","tag-moda","tag-relax","tag-zena"],"aioseo_notices":[],"_links":{"self":[{"href":"https:\/\/www.magickazena.sk\/magazin\/wp-json\/wp\/v2\/posts\/1718","targetHints":{"allow":["GET"]}}],"collection":[{"href":"https:\/\/www.magickazena.sk\/magazin\/wp-json\/wp\/v2\/posts"}],"about":[{"href":"https:\/\/www.magickazena.sk\/magazin\/wp-json\/wp\/v2\/types\/post"}],"author":[{"embeddable":true,"href":"https:\/\/www.magickazena.sk\/magazin\/wp-json\/wp\/v2\/users\/1"}],"replies":[{"embeddable":true,"href":"https:\/\/www.magickazena.sk\/magazin\/wp-json\/wp\/v2\/comments?post=1718"}],"version-history":[{"count":1,"href":"https:\/\/www.magickazena.sk\/magazin\/wp-json\/wp\/v2\/posts\/1718\/revisions"}],"predecessor-version":[{"id":1730,"href":"https:\/\/www.magickazena.sk\/magazin\/wp-json\/wp\/v2\/posts\/1718\/revisions\/1730"}],"wp:featuredmedia":[{"embeddable":true,"href":"https:\/\/www.magickazena.sk\/magazin\/wp-json\/wp\/v2\/media\/1720"}],"wp:attachment":[{"href":"https:\/\/www.magickazena.sk\/magazin\/wp-json\/wp\/v2\/media?parent=1718"}],"wp:term":[{"taxonomy":"category","embeddable":true,"href":"https:\/\/www.magickazena.sk\/magazin\/wp-json\/wp\/v2\/categories?post=1718"},{"taxonomy":"post_tag","embeddable":true,"href":"https:\/\/www.magickazena.sk\/magazin\/wp-json\/wp\/v2\/tags?post=1718"}],"curies":[{"name":"wp","href":"https:\/\/api.w.org\/{rel}","templated":true}]}}