{"id":1955,"date":"2021-12-13T15:52:34","date_gmt":"2021-12-13T14:52:34","guid":{"rendered":"https:\/\/www.magickazena.sk\/magazin\/?p=1955"},"modified":"2021-12-13T15:52:35","modified_gmt":"2021-12-13T14:52:35","slug":"tajomstva-boli-odhalene-no-spomienky-sa-vracaju","status":"publish","type":"post","link":"https:\/\/www.magickazena.sk\/magazin\/2021\/12\/13\/tajomstva-boli-odhalene-no-spomienky-sa-vracaju\/","title":{"rendered":"Tajomstv\u00e1 boli odhalen\u00e9, no spomienky sa vracaj\u00fa&#8230;"},"content":{"rendered":"\n<div class=\"wp-block-image\"><figure class=\"aligncenter size-large is-resized\"><img loading=\"lazy\" decoding=\"async\" src=\"https:\/\/www.magickazena.sk\/magazin\/wp-content\/uploads\/2021\/12\/Privela-spomienok.jpg\" alt=\"\" class=\"wp-image-1956\" width=\"341\" height=\"517\" srcset=\"https:\/\/www.magickazena.sk\/magazin\/wp-content\/uploads\/2021\/12\/Privela-spomienok.jpg 550w, https:\/\/www.magickazena.sk\/magazin\/wp-content\/uploads\/2021\/12\/Privela-spomienok-198x300.jpg 198w\" sizes=\"auto, (max-width: 341px) 100vw, 341px\" \/><\/figure><\/div>\n\n\n<blockquote>\n<p><em>\u00a0\u201eM\u00f4j najnov\u0161\u00ed rom\u00e1n <strong><u><a href=\"https:\/\/www.bux.sk\/knihy\/624501-privela-spomienok.html\">Prive\u013ea spomienok<\/a><\/u><\/strong> je vo\u013en\u00fdm pokra\u010dovan\u00edm minuloro\u010dn\u00e9ho rom\u00e1nu Prive\u013ea tajomstiev. Tajomstv\u00e1 boli odhalen\u00e9, pr\u00edbehy hlavn\u00fdch post\u00e1v knihy sa v\u0161ak rozv\u00edjaj\u00fa \u010falej a vyn\u00e1raj\u00fa sa \u010fal\u0161ie,\u201c<\/em> pribli\u017euje svoju nov\u00fa knihu Katar\u00edna Gillerov\u00e1.<\/p>\n<\/blockquote>\n<p>Do \u017eivota dvadsa\u0165osemro\u010dnej Romany vst\u00fapila l\u00e1ska. Kamil, mu\u017e jej \u017eivota, si s \u0148ou t\u00fa\u017ei zalo\u017ei\u0165 rodinu a po\u017eiada ju o ruku. Rozbehn\u00fa sa pr\u00edpravy na svadbu, no na ich vz\u0165ahu le\u017e\u00ed tie\u0148 v podobe Kamilovej b\u00fdvalej priate\u013eky.<\/p>\n<p>Ani Romanina rodina to nem\u00e1 \u013eahk\u00e9: hoci sa v\u0161etci te\u0161ia z n\u00e1jden\u00e9ho syna a Romaninho dvoj\u010da\u0165a Adama, dohna\u0165 straten\u00e9 roky, po\u010das ktor\u00fdch vyrastal u inej \u017eeny, nie je v\u00f4bec jednoduch\u00e9. Romana bojuje so svojou \u017eiarlivos\u0165ou, ktor\u00e1 sa vystup\u0148uje v\u010faka podozreniu, \u017ee Kamil si do ich bytu niekoho vod\u00ed.<\/p>\n<p>Ni\u010d nie je jednoduch\u00e9, ani vz\u0165ahy Romaninej kamar\u00e1tky Dady \u010di naoko \u0161\u0165astn\u00e9 man\u017eelstvo \u010fal\u0161ej kamar\u00e1tky Mirky. Od\u00edde Dada do Nemecka s mu\u017eom, pre ktor\u00e9ho sa kone\u010dne rozhodne, a prezrad\u00ed Mirka Romane svoje tajomstvo? A predov\u0161etk\u00fdm \u2013 podar\u00ed sa Romane zachr\u00e1ni\u0165 ohrozen\u00fd vz\u0165ah s Kamilom?<\/p>\n<p><br \/>V rom\u00e1ne <strong><em><u><a href=\"https:\/\/www.bux.sk\/knihy\/624501-privela-spomienok.html\">Prive\u013ea spomienok<\/a><\/u><\/em><\/strong> sa autorka sna\u017e\u00ed pouk\u00e1za\u0165 aj na to, \u017ee v \u017eivote ni\u010d nie je \u010diernobiele. <em>\u201e\u010citatelia sa dozvedia v pr\u00edbehu Mirkinej nepr\u00edjemnej svokry o jej mladosti, o jej dvoch sestr\u00e1ch, s ktor\u00fdmi sa nezn\u00e1\u0161ala u\u017e od detstva, pravda v\u0161ak, t\u00e1, ktor\u00e1 napokon vyjde najavo, n\u00e1m ju uk\u00e1\u017ee v inom svetle. Pr\u00edbeh Kamilov\u00fdch ve\u010dne rozh\u00e1dan\u00fdch rodi\u010dov, ktor\u00ed dok\u00e1\u017eu pokazi\u0165 n\u00e1ladu v\u0161etk\u00fdm naokolo, je in\u0161pir\u00e1ciou zo \u017eivota, \u010do sa s tak\u00fdmto man\u017eelstvom napokon m\u00f4\u017ee sta\u0165, ako prekvapivo m\u00f4\u017ee dopadn\u00fa\u0165<\/em>,\u201c prezr\u00e1dza Katar\u00edna Gillerov\u00e1.<\/p>\n<p>Najlep\u0161ie sa jej vraj p\u00edsala nov\u00e1 postava D\u00e1\u0161ky, v\u0161ete\u010dnej kamar\u00e1tky Romaninho brata, ktor\u00e1 komplikuje u\u017e i tak ne\u013eahk\u00fa rodinn\u00fa situ\u00e1ciu. Av\u0161ak jej brat-dvoj\u010da ne\u017eil po cel\u00e9 tie roky vo vzduchopr\u00e1zdne, a ke\u010f sa v jeho okol\u00ed vyn\u00e1raj\u00fa \u013eudia z jeho \u017eivota, Romana a jej rodina si uvedomuj\u00fa, \u017ee ich musia re\u0161pektova\u0165. Aj ke\u010f k nim neprechov\u00e1vaj\u00fa \u017eiadne sympatie&#8230;<\/p>\n<pre><em>Milan Buno, kni\u017en\u00fd publicista<\/em><br \/><br \/>Prive\u013ea spomienok: <a href=\"https:\/\/www.bux.sk\/knihy\/624501-privela-spomienok.html\">https:\/\/www.bux.sk\/knihy\/624501-privela-spomienok.html<\/a><\/pre>\n<p>\u00a0<\/p>","protected":false},"excerpt":{"rendered":"<p>\u00a0\u201eM\u00f4j najnov\u0161\u00ed rom\u00e1n Prive\u013ea spomienok je vo\u013en\u00fdm pokra\u010dovan\u00edm minuloro\u010dn\u00e9ho rom\u00e1nu Prive\u013ea tajomstiev. Tajomstv\u00e1 boli odhalen\u00e9, pr\u00edbehy hlavn\u00fdch post\u00e1v knihy sa v\u0161ak rozv\u00edjaj\u00fa \u010falej a vyn\u00e1raj\u00fa sa \u010fal\u0161ie,\u201c pribli\u017euje svoju nov\u00fa knihu Katar\u00edna Gillerov\u00e1. Do \u017eivota dvadsa\u0165osemro\u010dnej Romany vst\u00fapila l\u00e1ska. Kamil, mu\u017e jej \u017eivota, si s \u0148ou t\u00fa\u017ei zalo\u017ei\u0165 rodinu a po\u017eiada ju o ruku. Rozbehn\u00fa sa pr\u00edpravy na svadbu, no na ich vz\u0165ahu le\u017e\u00ed tie\u0148 v podobe Kamilovej b\u00fdvalej priate\u013eky. Ani Romanina rodina to nem\u00e1 \u013eahk\u00e9: hoci sa v\u0161etci te\u0161ia z n\u00e1jden\u00e9ho syna a Romaninho dvoj\u010da\u0165a Adama, dohna\u0165 straten\u00e9 roky, po\u010das ktor\u00fdch vyrastal u inej \u017eeny, nie je v\u00f4bec jednoduch\u00e9. Romana bojuje so svojou \u017eiarlivos\u0165ou, ktor\u00e1 sa vystup\u0148uje v\u010faka podozreniu, \u017ee Kamil si do ich bytu niekoho vod\u00ed. Ni\u010d nie je jednoduch\u00e9, ani vz\u0165ahy Romaninej kamar\u00e1tky Dady \u010di naoko \u0161\u0165astn\u00e9 man\u017eelstvo \u010fal\u0161ej kamar\u00e1tky Mirky. Od\u00edde Dada do Nemecka s mu\u017eom, pre ktor\u00e9ho sa kone\u010dne rozhodne, a prezrad\u00ed Mirka Romane svoje tajomstvo? A predov\u0161etk\u00fdm \u2013 podar\u00ed sa Romane zachr\u00e1ni\u0165 ohrozen\u00fd vz\u0165ah s Kamilom? V rom\u00e1ne Prive\u013ea spomienok sa autorka sna\u017e\u00ed pouk\u00e1za\u0165 aj na to, \u017ee v \u017eivote ni\u010d nie je \u010diernobiele. \u201e\u010citatelia sa dozvedia v pr\u00edbehu Mirkinej nepr\u00edjemnej svokry o jej mladosti, o jej dvoch sestr\u00e1ch, s ktor\u00fdmi sa nezn\u00e1\u0161ala u\u017e [&hellip;]<\/p>\n","protected":false},"author":1,"featured_media":1957,"comment_status":"closed","ping_status":"closed","sticky":false,"template":"single-sidebar.php","format":"standard","meta":{"footnotes":""},"categories":[14],"tags":[30,29,31,47,37],"class_list":["post-1955","post","type-post","status-publish","format-standard","has-post-thumbnail","hentry","category-novinky","tag-recenzia","tag-relax","tag-tip","tag-vianoce","tag-zena"],"aioseo_notices":[],"_links":{"self":[{"href":"https:\/\/www.magickazena.sk\/magazin\/wp-json\/wp\/v2\/posts\/1955","targetHints":{"allow":["GET"]}}],"collection":[{"href":"https:\/\/www.magickazena.sk\/magazin\/wp-json\/wp\/v2\/posts"}],"about":[{"href":"https:\/\/www.magickazena.sk\/magazin\/wp-json\/wp\/v2\/types\/post"}],"author":[{"embeddable":true,"href":"https:\/\/www.magickazena.sk\/magazin\/wp-json\/wp\/v2\/users\/1"}],"replies":[{"embeddable":true,"href":"https:\/\/www.magickazena.sk\/magazin\/wp-json\/wp\/v2\/comments?post=1955"}],"version-history":[{"count":1,"href":"https:\/\/www.magickazena.sk\/magazin\/wp-json\/wp\/v2\/posts\/1955\/revisions"}],"predecessor-version":[{"id":1958,"href":"https:\/\/www.magickazena.sk\/magazin\/wp-json\/wp\/v2\/posts\/1955\/revisions\/1958"}],"wp:featuredmedia":[{"embeddable":true,"href":"https:\/\/www.magickazena.sk\/magazin\/wp-json\/wp\/v2\/media\/1957"}],"wp:attachment":[{"href":"https:\/\/www.magickazena.sk\/magazin\/wp-json\/wp\/v2\/media?parent=1955"}],"wp:term":[{"taxonomy":"category","embeddable":true,"href":"https:\/\/www.magickazena.sk\/magazin\/wp-json\/wp\/v2\/categories?post=1955"},{"taxonomy":"post_tag","embeddable":true,"href":"https:\/\/www.magickazena.sk\/magazin\/wp-json\/wp\/v2\/tags?post=1955"}],"curies":[{"name":"wp","href":"https:\/\/api.w.org\/{rel}","templated":true}]}}