{"id":2889,"date":"2022-08-30T14:00:36","date_gmt":"2022-08-30T12:00:36","guid":{"rendered":"https:\/\/www.magickazena.sk\/magazin\/?p=2889"},"modified":"2022-08-30T14:00:37","modified_gmt":"2022-08-30T12:00:37","slug":"spolu-v-siedmom-nebi-s-darou-rolins","status":"publish","type":"post","link":"https:\/\/www.magickazena.sk\/magazin\/2022\/08\/30\/spolu-v-siedmom-nebi-s-darou-rolins\/","title":{"rendered":"Spolu v\u00a0SIEDMOM nebi&#8230;.s Darou Rolins"},"content":{"rendered":"\n<figure class=\"wp-block-gallery has-nested-images columns-default is-cropped wp-block-gallery-1 is-layout-flex wp-block-gallery-is-layout-flex\">\n<figure class=\"wp-block-image size-large\"><img loading=\"lazy\" decoding=\"async\" width=\"645\" height=\"1024\" data-id=\"2892\" src=\"https:\/\/www.magickazena.sk\/magazin\/wp-content\/uploads\/2022\/08\/dara3-645x1024.jpg\" alt=\"\" class=\"wp-image-2892\" srcset=\"https:\/\/www.magickazena.sk\/magazin\/wp-content\/uploads\/2022\/08\/dara3-645x1024.jpg 645w, https:\/\/www.magickazena.sk\/magazin\/wp-content\/uploads\/2022\/08\/dara3-189x300.jpg 189w, https:\/\/www.magickazena.sk\/magazin\/wp-content\/uploads\/2022\/08\/dara3-768x1220.jpg 768w, https:\/\/www.magickazena.sk\/magazin\/wp-content\/uploads\/2022\/08\/dara3-967x1536.jpg 967w, https:\/\/www.magickazena.sk\/magazin\/wp-content\/uploads\/2022\/08\/dara3.jpg 1200w\" sizes=\"auto, (max-width: 645px) 100vw, 645px\" \/><\/figure>\n\n\n\n<figure class=\"wp-block-image size-large\"><img loading=\"lazy\" decoding=\"async\" width=\"550\" height=\"880\" data-id=\"2891\" src=\"https:\/\/www.magickazena.sk\/magazin\/wp-content\/uploads\/2022\/08\/Rok-podla-dary.jpg\" alt=\"\" class=\"wp-image-2891\" srcset=\"https:\/\/www.magickazena.sk\/magazin\/wp-content\/uploads\/2022\/08\/Rok-podla-dary.jpg 550w, https:\/\/www.magickazena.sk\/magazin\/wp-content\/uploads\/2022\/08\/Rok-podla-dary-188x300.jpg 188w\" sizes=\"auto, (max-width: 550px) 100vw, 550px\" \/><\/figure>\n<\/figure>\n\n\n<p>Hudobn\u00e1 ikona a skvel\u00e1 \u010deskoslovensk\u00e1 spev\u00e1\u010dka Dara Rolins op\u00e4\u0165 vyd\u00e1va svoj di\u00e1r <strong><u><a href=\"https:\/\/www.bux.sk\/knihy\/649143-rok-podla-dary-2023.html\">Rok pod\u013ea Dary 2023<\/a><\/u><\/strong>. Tentoraz sa nesie v\u00a0znamen\u00ed \u0161\u0165astn\u00e9ho magick\u00e9ho \u010d\u00edsla 7. In\u0161pirujte sa \u0148ou a pre\u017eite \u00faspe\u0161n\u00fd rok 2023.<\/p>\n<p>Dara Rolins sa na \u010deskej a\u00a0slovenskej hudobnej sc\u00e9ne pohybuje u\u017e od osemdesiatych rokov, kedy svoju kari\u00e9ru od\u0161tartovala ako mal\u00e1 a talentovan\u00e1 Darinka Rolincov\u00e1. Dnes je hudobnou divou a vplyvnou influencerkou, ktor\u00e1 sa okrem svojich vyst\u00fapen\u00ed intenz\u00edvne prezentuje aj na soci\u00e1lnych sie\u0165ach. Navrhla vlastn\u00fa kolekciu oble\u010denia, \u010di vlastn\u00fd merchandising. In\u0161piruje v\u0161etky vekov\u00e9 kateg\u00f3rie diev\u010dat a \u017eien.<\/p>\n<p>A\u00a0v\u00a0tomto smere tis\u00edcky jej fan\u00fa\u0161i\u010diek \u010dakaj\u00fa ka\u017ed\u00fd rok na jej \u0161peci\u00e1lny di\u00e1r. <br \/>Rok pod\u013ea Dary 2023 je u\u017e jej siedmym di\u00e1rom a toto \u010d\u00edslo zdob\u00ed aj jeho ob\u00e1lku. A nie je to n\u00e1hoda! \u010c\u00edslo sedem m\u00e1 magick\u00fd v\u00fdznam&#8230;a ve\u013ek\u00fd v\u00fdznam aj pre Daru. <em>\u201eV tomto v porad\u00ed u\u017e siedmom di\u00e1ri sklo\u0148ujem SEDMI\u010cKU, a\u00a0to nielen ako de\u0148 svojho narodenia, ale ako magick\u00e9 \u010d\u00edslo, okolo ktor\u00e9ho sa toho to\u010d\u00ed ove\u013ea viac \u2013 sedem divov sveta, sedem smrte\u013en\u00fdch hriechov,\u201c<\/em> prizn\u00e1va Dara Rolins.<em> \u201eSedmi\u010dka v sebe skr\u00fdva tajomstvo, \u0161\u0165astie, rebelantstvo, z\u00e1zrak, pote\u0161enie.\u201c<\/em><\/p>\n<p><strong>Pozrite si VIDEO od Dary Rolins:<\/strong><\/p>\n\n\n<figure class=\"wp-block-embed is-type-rich is-provider-vlozit-handler wp-block-embed-vlozit-handler wp-embed-aspect-16-9 wp-has-aspect-ratio\"><div class=\"wp-block-embed__wrapper\">\n<iframe loading=\"lazy\" title=\"Rok pod\u013ea Dary 2023 - di\u00e1r Dary Rolins\" width=\"1080\" height=\"608\" src=\"https:\/\/www.youtube.com\/embed\/4fMW0O9TtTY?feature=oembed\" frameborder=\"0\" allow=\"accelerometer; autoplay; clipboard-write; encrypted-media; gyroscope; picture-in-picture\" allowfullscreen><\/iframe>\n<\/div><\/figure>\n\n\n<p>Di\u00e1r <strong><u><a href=\"https:\/\/www.bux.sk\/knihy\/649143-rok-podla-dary-2023.html\">Rok pod\u013ea Dary 2023<\/a><\/u><\/strong> z\u00a0vydavate\u013estva Ikar dostal \u00faplne nov\u00fa grafick\u00fa podobu, ktor\u00e1 v\u0161ak zachov\u00e1va z\u00e1kladn\u00e9 prvky, na ak\u00e9 boli fan\u00fa\u0161ikovia zvyknut\u00ed. Okrem samotn\u00e9ho kalend\u00e1ra prin\u00e1\u0161a aj motiva\u010dn\u00e9 texty o tom, ako n\u00e1js\u0165 rovnov\u00e1hu a harm\u00f3niu, ako z\u00edska\u0165 energiu a pritiahnu\u0165 do \u017eivota rados\u0165 a spokojnos\u0165. <br \/>Fan\u00fa\u0161ikovia sa m\u00f4\u017eu te\u0161i\u0165 na atrakt\u00edvne fotografie Dary aj na sedem hrie\u0161ne dobr\u00fdch sladk\u00fdch receptov &#8211; napr\u00edklad na skvel\u00e9 lievance s\u00a0jab\u013a\u010dkami a\u00a0\u0161koricou, kokosov\u00fa ka\u0161u, franc\u00fazske toasty s\u00a0ban\u00e1nom na mede, alebo lahodn\u00fd ban\u00e1nov\u00fd chleb\u00ed\u010dek. <em>\u201eO na\u0161e chute sa tentoraz postar\u00e1 \u010fal\u0161ia z mojich \u0161ikovn\u00fdch kamar\u00e1tok. T\u00e1 v r\u00e1mci \u010darovnej sedmi\u010dky pripravila pre zmenu sedem hrie\u0161nych receptov. \u017diadna di\u00e9tka sa nekon\u00e1, po\u010fme spolu hre\u0161i\u0165! Ochutnajte moje najob\u013e\u00fabenej\u0161ie, tak tro\u0161ku kalorick\u00e9, zato neskuto\u010dne dobr\u00e9 m\u0148amky, ako ich serv\u00edruje odborn\u00ed\u010dka na ma\u0161krtn\u00fd jaz\u00fd\u010dek, moja kamar\u00e1tka Lucka \u0160vorcov\u00e1!\u201c <\/em>odkazuje Dara Rolins.<\/p>\n<p>K tomu v\u0161etk\u00e9mu z\u00e1lo\u017eka, p\u00fatko na pero a praktick\u00e1 gumi\u010dka na zatvorenie. A\u00a0v zadnom vrecku na v\u00e1s \u010dak\u00e1 mal\u00fd dar\u010dek.<\/p>\n<p><em>\u00a0\u201eTelo \u017em\u00fdkame ako \u0161pongiu,\u201c<\/em> p\u00ed\u0161e v\u00a0jednom z\u00a0textov Dara Rolins. <em>\u201e\u010c\u00edm viac vy\u017em\u00fdkame, t\u00fdm viac \u010dasu treba na jej op\u00e4tovn\u00e9 nasiaknutie, aby z\u00edskala svoj p\u00f4vodn\u00fd, pln\u00fd, zdrav\u00fd, svie\u017ei tvar. Niekedy dokonca \u017em\u00fdkame tak ve\u013emi, \u017ee sa \u0161pongia za\u010dne drobi\u0165, rozpada\u0165. Jednoducho strat\u00ed \u0161\u0165avu. Ot\u00e1zka je, PRE\u010cO? Pre\u010do nevenujeme rovnak\u00fa pozornos\u0165 dop\u013a\u0148aniu \u201e\u0161\u0165avy\u201c na na\u0161e \u010fal\u0161ie v\u00fdkony?\u201c <\/em><\/p>\n<pre>Milan Buno, kni\u017en\u00fd publicista<br \/><br \/>Rok pod\u013ea Dary: <a href=\"https:\/\/www.bux.sk\/knihy\/649143-rok-podla-dary-2023.html\">https:\/\/www.bux.sk\/knihy\/649143-rok-podla-dary-2023.html<\/a><\/pre>\n\n\n<figure class=\"wp-block-gallery has-nested-images columns-default is-cropped wp-block-gallery-2 is-layout-flex wp-block-gallery-is-layout-flex\">\n<figure class=\"wp-block-image size-large\"><img loading=\"lazy\" decoding=\"async\" width=\"883\" height=\"723\" data-id=\"2893\" src=\"https:\/\/www.magickazena.sk\/magazin\/wp-content\/uploads\/2022\/08\/dara-otvorena1.jpg\" alt=\"\" class=\"wp-image-2893\" srcset=\"https:\/\/www.magickazena.sk\/magazin\/wp-content\/uploads\/2022\/08\/dara-otvorena1.jpg 883w, https:\/\/www.magickazena.sk\/magazin\/wp-content\/uploads\/2022\/08\/dara-otvorena1-300x246.jpg 300w, https:\/\/www.magickazena.sk\/magazin\/wp-content\/uploads\/2022\/08\/dara-otvorena1-768x629.jpg 768w\" sizes=\"auto, (max-width: 883px) 100vw, 883px\" \/><\/figure>\n<\/figure>\n","protected":false},"excerpt":{"rendered":"<p>Hudobn\u00e1 ikona a skvel\u00e1 \u010deskoslovensk\u00e1 spev\u00e1\u010dka Dara Rolins op\u00e4\u0165 vyd\u00e1va svoj di\u00e1r Rok pod\u013ea Dary 2023. Tentoraz sa nesie v\u00a0znamen\u00ed \u0161\u0165astn\u00e9ho magick\u00e9ho \u010d\u00edsla 7. In\u0161pirujte sa \u0148ou a pre\u017eite \u00faspe\u0161n\u00fd rok 2023. Dara Rolins sa na \u010deskej a\u00a0slovenskej hudobnej sc\u00e9ne pohybuje u\u017e od osemdesiatych rokov, kedy svoju kari\u00e9ru od\u0161tartovala ako mal\u00e1 a talentovan\u00e1 Darinka Rolincov\u00e1. Dnes je hudobnou divou a vplyvnou influencerkou, ktor\u00e1 sa okrem svojich vyst\u00fapen\u00ed intenz\u00edvne prezentuje aj na soci\u00e1lnych sie\u0165ach. Navrhla vlastn\u00fa kolekciu oble\u010denia, \u010di vlastn\u00fd merchandising. In\u0161piruje v\u0161etky vekov\u00e9 kateg\u00f3rie diev\u010dat a \u017eien. A\u00a0v\u00a0tomto smere tis\u00edcky jej fan\u00fa\u0161i\u010diek \u010dakaj\u00fa ka\u017ed\u00fd rok na jej \u0161peci\u00e1lny di\u00e1r. Rok pod\u013ea Dary 2023 je u\u017e jej siedmym di\u00e1rom a toto \u010d\u00edslo zdob\u00ed aj jeho ob\u00e1lku. A nie je to n\u00e1hoda! \u010c\u00edslo sedem m\u00e1 magick\u00fd v\u00fdznam&#8230;a ve\u013ek\u00fd v\u00fdznam aj pre Daru. \u201eV tomto v porad\u00ed u\u017e siedmom di\u00e1ri sklo\u0148ujem SEDMI\u010cKU, a\u00a0to nielen ako de\u0148 svojho narodenia, ale ako magick\u00e9 \u010d\u00edslo, okolo ktor\u00e9ho sa toho to\u010d\u00ed ove\u013ea viac \u2013 sedem divov sveta, sedem smrte\u013en\u00fdch hriechov,\u201c prizn\u00e1va Dara Rolins. \u201eSedmi\u010dka v sebe skr\u00fdva tajomstvo, \u0161\u0165astie, rebelantstvo, z\u00e1zrak, pote\u0161enie.\u201c Pozrite si VIDEO od Dary Rolins: Di\u00e1r Rok pod\u013ea Dary 2023 z\u00a0vydavate\u013estva Ikar dostal \u00faplne nov\u00fa grafick\u00fa podobu, ktor\u00e1 v\u0161ak zachov\u00e1va z\u00e1kladn\u00e9 prvky, na ak\u00e9 [&hellip;]<\/p>\n","protected":false},"author":1,"featured_media":2892,"comment_status":"closed","ping_status":"closed","sticky":false,"template":"single-sidebar.php","format":"standard","meta":{"footnotes":""},"categories":[14],"tags":[16,15,30,29,37],"class_list":["post-2889","post","type-post","status-publish","format-standard","has-post-thumbnail","hentry","category-novinky","tag-astrologia","tag-horoskop","tag-recenzia","tag-relax","tag-zena"],"aioseo_notices":[],"_links":{"self":[{"href":"https:\/\/www.magickazena.sk\/magazin\/wp-json\/wp\/v2\/posts\/2889","targetHints":{"allow":["GET"]}}],"collection":[{"href":"https:\/\/www.magickazena.sk\/magazin\/wp-json\/wp\/v2\/posts"}],"about":[{"href":"https:\/\/www.magickazena.sk\/magazin\/wp-json\/wp\/v2\/types\/post"}],"author":[{"embeddable":true,"href":"https:\/\/www.magickazena.sk\/magazin\/wp-json\/wp\/v2\/users\/1"}],"replies":[{"embeddable":true,"href":"https:\/\/www.magickazena.sk\/magazin\/wp-json\/wp\/v2\/comments?post=2889"}],"version-history":[{"count":1,"href":"https:\/\/www.magickazena.sk\/magazin\/wp-json\/wp\/v2\/posts\/2889\/revisions"}],"predecessor-version":[{"id":2894,"href":"https:\/\/www.magickazena.sk\/magazin\/wp-json\/wp\/v2\/posts\/2889\/revisions\/2894"}],"wp:featuredmedia":[{"embeddable":true,"href":"https:\/\/www.magickazena.sk\/magazin\/wp-json\/wp\/v2\/media\/2892"}],"wp:attachment":[{"href":"https:\/\/www.magickazena.sk\/magazin\/wp-json\/wp\/v2\/media?parent=2889"}],"wp:term":[{"taxonomy":"category","embeddable":true,"href":"https:\/\/www.magickazena.sk\/magazin\/wp-json\/wp\/v2\/categories?post=2889"},{"taxonomy":"post_tag","embeddable":true,"href":"https:\/\/www.magickazena.sk\/magazin\/wp-json\/wp\/v2\/tags?post=2889"}],"curies":[{"name":"wp","href":"https:\/\/api.w.org\/{rel}","templated":true}]}}