{"id":3075,"date":"2022-11-28T16:18:05","date_gmt":"2022-11-28T15:18:05","guid":{"rendered":"https:\/\/www.magickazena.sk\/magazin\/?p=3075"},"modified":"2022-11-28T16:18:06","modified_gmt":"2022-11-28T15:18:06","slug":"herecke-i-sukromne-historky-ferka-kovara","status":"publish","type":"post","link":"https:\/\/www.magickazena.sk\/magazin\/2022\/11\/28\/herecke-i-sukromne-historky-ferka-kovara\/","title":{"rendered":"Hereck\u00e9 i\u00a0s\u00fakromn\u00e9 historky Ferka Kov\u00e1ra"},"content":{"rendered":"\n<figure class=\"wp-block-gallery has-nested-images columns-default is-cropped wp-block-gallery-1 is-layout-flex wp-block-gallery-is-layout-flex\">\n<figure class=\"wp-block-image size-large\"><img loading=\"lazy\" decoding=\"async\" width=\"825\" height=\"984\" data-id=\"3077\" src=\"https:\/\/www.magickazena.sk\/magazin\/wp-content\/uploads\/2022\/11\/Jednoducho-Ferko.jpg\" alt=\"\" class=\"wp-image-3077\" srcset=\"https:\/\/www.magickazena.sk\/magazin\/wp-content\/uploads\/2022\/11\/Jednoducho-Ferko.jpg 825w, https:\/\/www.magickazena.sk\/magazin\/wp-content\/uploads\/2022\/11\/Jednoducho-Ferko-252x300.jpg 252w, https:\/\/www.magickazena.sk\/magazin\/wp-content\/uploads\/2022\/11\/Jednoducho-Ferko-768x916.jpg 768w\" sizes=\"auto, (max-width: 825px) 100vw, 825px\" \/><\/figure>\n\n\n\n<figure class=\"wp-block-image size-large\"><img loading=\"lazy\" decoding=\"async\" width=\"706\" height=\"1000\" data-id=\"3079\" src=\"https:\/\/www.magickazena.sk\/magazin\/wp-content\/uploads\/2022\/11\/Ferko-Kovar.jpg\" alt=\"\" class=\"wp-image-3079\" srcset=\"https:\/\/www.magickazena.sk\/magazin\/wp-content\/uploads\/2022\/11\/Ferko-Kovar.jpg 706w, https:\/\/www.magickazena.sk\/magazin\/wp-content\/uploads\/2022\/11\/Ferko-Kovar-212x300.jpg 212w\" sizes=\"auto, (max-width: 706px) 100vw, 706px\" \/><\/figure>\n\n\n\n<figure class=\"wp-block-image size-large\"><img loading=\"lazy\" decoding=\"async\" width=\"1333\" height=\"1000\" data-id=\"3078\" src=\"https:\/\/www.magickazena.sk\/magazin\/wp-content\/uploads\/2022\/11\/ferko1.jpg\" alt=\"\" class=\"wp-image-3078\" srcset=\"https:\/\/www.magickazena.sk\/magazin\/wp-content\/uploads\/2022\/11\/ferko1.jpg 1333w, https:\/\/www.magickazena.sk\/magazin\/wp-content\/uploads\/2022\/11\/ferko1-300x225.jpg 300w, https:\/\/www.magickazena.sk\/magazin\/wp-content\/uploads\/2022\/11\/ferko1-1024x768.jpg 1024w, https:\/\/www.magickazena.sk\/magazin\/wp-content\/uploads\/2022\/11\/ferko1-768x576.jpg 768w\" sizes=\"auto, (max-width: 1333px) 100vw, 1333px\" \/><\/figure>\n<\/figure>\n\n\n<p><em>Na dosky Novej sc\u00e9ny som sa po prv\u00fd raz postavil v roku 1972 v \u00falohe novica v hre Gl\u00f3ria, \u010do mi tak trochu prischlo: len \u010do bolo treba hra\u0165 far\u00e1ra, vo\u013eba padla na m\u0148a. Hral som ho vo viacer\u00fdch predstaveniach, vo filme No\u010dn\u00ed jazdci, v Tis\u00edcro\u010dnej v\u010dele&#8230; U\u017e len aby mi pridelili kostol a mohol som vies\u0165 vlastn\u00fa farnos\u0165. <\/em><\/p>\n<p>Skvel\u00fd slovensk\u00fd herec \u2013 divadeln\u00fd, filmov\u00fd, telev\u00edzny aj dabingov\u00fd. V\u00fdborn\u00fd recit\u00e1tor a\u00a0ob\u013e\u00faben\u00fd pedag\u00f3g. Pr\u00e1ve o\u00a0\u0148om vy\u0161la kniha <strong><u><a href=\"https:\/\/www.bux.sk\/knihy\/635429-jednoducho-ferko.html\">Jednoducho Ferko<\/a><\/u><\/strong>, ktor\u00fa s\u00a0n\u00edm nap\u00edsala sk\u00fasen\u00e1 novin\u00e1rka Silvia Lispuchov\u00e1.<br \/>Franti\u0161ek Kov\u00e1r.<\/p>\n<p>Dozviete sa v\u00a0nej o\u00a0jeho \u017eivote, osobnom i\u00a0profesion\u00e1lnom\u00a0 a\u00a0nebud\u00fa ch\u00fdba\u0165 ani mnoh\u00ed hereck\u00e9 historky. Pre\u010d\u00edtate si napr\u00edklad aj o\u00a0tom ako mal v\u00a0istom obdob\u00ed vo vrecku dva mobily. Ke\u010f sa Du\u0161an Jamrich \u010dudoval, na\u010do s\u00fa mu hne\u010f dva, vysvetlenie vraj bolo jednoduch\u00e9: <em>\u201eKe\u010f som smutn\u00fd, vol\u00e1m si z jedn\u00e9ho mobilu na druh\u00fd.\u201c<\/em>\u00a0<\/p>\n<p>P\u00edsal sa rok 1955 a v bratislavskom Ve\u010dern\u00edku vy\u0161iel \u010dl\u00e1nok s titulkom Usmievav\u00fd Ferko Kov\u00e1r zab\u00e1va svojich spolu\u017eiakov. Mal\u00fd \u0161tvrt\u00e1k si do \u0161koly v pr\u00edrode v na\u0161ich ve\u013ehor\u00e1ch pribalil ma\u0148u\u0161kov\u00e9 divadlo s \u00famyslom pobavi\u0165 spolu\u017eiakov. Divadlo hral aj svojim kamar\u00e1tom usaden\u00fdm na dvore za domom na Tabakovej ulici v Starom Meste, kde vyrastal.<\/p>\n<p>Z neba padali plag\u00e1tiky s textom \u201eProlet\u00e1ri v\u0161etk\u00fdch kraj\u00edn spojte sa\u201c, ktor\u00e9 na Bratislavu zhadzovalo lietadlo, a mal\u00fd chlapec predv\u00e1dzal predstavenie, ktor\u00e9 si s\u00e1m vymyslel. Ke\u010f na Fir\u0161n\u00e1li, ako po starom volali Gottwaldovo n\u00e1mestie, dnes N\u00e1mestie slobody, p\u00fa\u0161\u0165ali \u0161arkany, ten jeho sa odtrhol, vyletel do v\u00fd\u0161ky a padol priamo na Nov\u00fa sc\u00e9nu.<\/p>\n<p><strong>\u010co hovor\u00ed Ferko Kov\u00e1r o\u00a0svojej knihe?<\/strong><\/p>\n\n\n<figure class=\"wp-block-embed is-type-rich is-provider-vlozit-handler wp-block-embed-vlozit-handler wp-embed-aspect-16-9 wp-has-aspect-ratio\"><div class=\"wp-block-embed__wrapper\">\n<iframe loading=\"lazy\" title=\"Franti\u0161ek Kov\u00e1r predstavuje svoju autobiografiu Jednoducho Ferko\" width=\"1080\" height=\"608\" src=\"https:\/\/www.youtube.com\/embed\/NfxTn3Q9nCs?feature=oembed\" frameborder=\"0\" allow=\"accelerometer; autoplay; clipboard-write; encrypted-media; gyroscope; picture-in-picture\" allowfullscreen><\/iframe>\n<\/div><\/figure>\n\n\n<p><strong>Franti\u0161ek Kov\u00e1r<\/strong> m\u00e1 na svojom konte desiatky divadeln\u00fdch, filmov\u00fdch i telev\u00edznych post\u00e1v, jeho hlas zaznieva z dabingu, vynikol ako recit\u00e1tor aj pedag\u00f3g. <br \/>Z\u00edskal mnoh\u00e9 ocenenia, ako Cena liter\u00e1rneho fondu, Cena RTVS za rozhlasov\u00fa tvorbu pre deti, \u010di Pod\u011bbradsk\u00fa K\u0159i\u0161\u0165\u00e1lov\u00fa r\u016f\u017ei v kateg\u00f3rii prednesu po\u00e9zie.<\/p>\n<p><em>Poste\u013e m\u00e1me aj v divadelnej \u0161anti. Vystrel som sa na nej len v\u00fdnimo\u010dne, zato m\u00f4j drah\u00fd kolega Maro\u0161ko Gei\u0161berg, nech mu je zem \u013eahk\u00e1, ju vyu\u017e\u00edval \u010dasto. Neb\u00fdval v Bratislave a po sk\u00fa\u0161ke sa mu na t\u00fdch p\u00e1r hod\u00edn, ktor\u00e9 mal k dispoz\u00edcii do za\u010diatku predstavenia, neoplatilo \u00eds\u0165 domov. Ostal v na\u0161ej spolo\u010dnej \u0161atni, p\u00edsal texty, b\u00e1sne a ja som bol \u010dasto prv\u00fd, komu ich \u010d\u00edtal. Ak sa mu predstavenie skon\u010dilo neskoro ve\u010der a r\u00e1no ho \u010dakala sk\u00fa\u0161ka, v \u0161atni prespal. Na\u0161a poste\u013e bola vyu\u017eit\u00e1.<\/em><\/p>\n<p><strong>Silvia Lispuchov\u00e1<\/strong> m\u00e1 na svojom konte dev\u00e4\u0165 kni\u017en\u00fdch titulov. Je autorkou a spoluautorkou kn\u00edh E\u0161te, Kamila, A just nie!, Spomienky ortop\u00e9da, Top 37 \u017eien Slovenska, Z\u00e1pisky z tepl\u00e9ho domu, H\u00e1dam ma nezabij\u00fa, Ako sa sta\u0165 celebritou a Posledn\u00fd boh\u00e9m. Pracuje ako redaktorka, \u017eije v Bratislave.<\/p>\n<p><em>Milan Buno, kni\u017en\u00fd publicista<\/em><\/p>\n<p>\u00a0<\/p>\n<pre>Jednoducho Ferko: <a href=\"https:\/\/www.bux.sk\/knihy\/635429-jednoducho-ferko.html\">https:\/\/www.bux.sk\/knihy\/635429-jednoducho-ferko.html<\/a><br \/><br \/>Video: <a href=\"https:\/\/youtu.be\/NfxTn3Q9nCs\">https:\/\/youtu.be\/NfxTn3Q9nCs<\/a><\/pre>\n\n\n<p><\/p>\n","protected":false},"excerpt":{"rendered":"<p>Na dosky Novej sc\u00e9ny som sa po prv\u00fd raz postavil v roku 1972 v \u00falohe novica v hre Gl\u00f3ria, \u010do mi tak trochu prischlo: len \u010do bolo treba hra\u0165 far\u00e1ra, vo\u013eba padla na m\u0148a. Hral som ho vo viacer\u00fdch predstaveniach, vo filme No\u010dn\u00ed jazdci, v Tis\u00edcro\u010dnej v\u010dele&#8230; U\u017e len aby mi pridelili kostol a mohol som vies\u0165 vlastn\u00fa farnos\u0165. Skvel\u00fd slovensk\u00fd herec \u2013 divadeln\u00fd, filmov\u00fd, telev\u00edzny aj dabingov\u00fd. V\u00fdborn\u00fd recit\u00e1tor a\u00a0ob\u013e\u00faben\u00fd pedag\u00f3g. Pr\u00e1ve o\u00a0\u0148om vy\u0161la kniha Jednoducho Ferko, ktor\u00fa s\u00a0n\u00edm nap\u00edsala sk\u00fasen\u00e1 novin\u00e1rka Silvia Lispuchov\u00e1.Franti\u0161ek Kov\u00e1r. Dozviete sa v\u00a0nej o\u00a0jeho \u017eivote, osobnom i\u00a0profesion\u00e1lnom\u00a0 a\u00a0nebud\u00fa ch\u00fdba\u0165 ani mnoh\u00ed hereck\u00e9 historky. Pre\u010d\u00edtate si napr\u00edklad aj o\u00a0tom ako mal v\u00a0istom obdob\u00ed vo vrecku dva mobily. Ke\u010f sa Du\u0161an Jamrich \u010dudoval, na\u010do s\u00fa mu hne\u010f dva, vysvetlenie vraj bolo jednoduch\u00e9: \u201eKe\u010f som smutn\u00fd, vol\u00e1m si z jedn\u00e9ho mobilu na druh\u00fd.\u201c\u00a0 P\u00edsal sa rok 1955 a v bratislavskom Ve\u010dern\u00edku vy\u0161iel \u010dl\u00e1nok s titulkom Usmievav\u00fd Ferko Kov\u00e1r zab\u00e1va svojich spolu\u017eiakov. Mal\u00fd \u0161tvrt\u00e1k si do \u0161koly v pr\u00edrode v na\u0161ich ve\u013ehor\u00e1ch pribalil ma\u0148u\u0161kov\u00e9 divadlo s \u00famyslom pobavi\u0165 spolu\u017eiakov. Divadlo hral aj svojim kamar\u00e1tom usaden\u00fdm na dvore za domom na Tabakovej ulici v Starom Meste, kde vyrastal. Z neba padali plag\u00e1tiky s textom \u201eProlet\u00e1ri v\u0161etk\u00fdch kraj\u00edn spojte sa\u201c, [&hellip;]<\/p>\n","protected":false},"author":1,"featured_media":3078,"comment_status":"closed","ping_status":"closed","sticky":false,"template":"single-sidebar.php","format":"standard","meta":{"footnotes":""},"categories":[14],"tags":[30,29,31],"class_list":["post-3075","post","type-post","status-publish","format-standard","has-post-thumbnail","hentry","category-novinky","tag-recenzia","tag-relax","tag-tip"],"aioseo_notices":[],"_links":{"self":[{"href":"https:\/\/www.magickazena.sk\/magazin\/wp-json\/wp\/v2\/posts\/3075","targetHints":{"allow":["GET"]}}],"collection":[{"href":"https:\/\/www.magickazena.sk\/magazin\/wp-json\/wp\/v2\/posts"}],"about":[{"href":"https:\/\/www.magickazena.sk\/magazin\/wp-json\/wp\/v2\/types\/post"}],"author":[{"embeddable":true,"href":"https:\/\/www.magickazena.sk\/magazin\/wp-json\/wp\/v2\/users\/1"}],"replies":[{"embeddable":true,"href":"https:\/\/www.magickazena.sk\/magazin\/wp-json\/wp\/v2\/comments?post=3075"}],"version-history":[{"count":1,"href":"https:\/\/www.magickazena.sk\/magazin\/wp-json\/wp\/v2\/posts\/3075\/revisions"}],"predecessor-version":[{"id":3080,"href":"https:\/\/www.magickazena.sk\/magazin\/wp-json\/wp\/v2\/posts\/3075\/revisions\/3080"}],"wp:featuredmedia":[{"embeddable":true,"href":"https:\/\/www.magickazena.sk\/magazin\/wp-json\/wp\/v2\/media\/3078"}],"wp:attachment":[{"href":"https:\/\/www.magickazena.sk\/magazin\/wp-json\/wp\/v2\/media?parent=3075"}],"wp:term":[{"taxonomy":"category","embeddable":true,"href":"https:\/\/www.magickazena.sk\/magazin\/wp-json\/wp\/v2\/categories?post=3075"},{"taxonomy":"post_tag","embeddable":true,"href":"https:\/\/www.magickazena.sk\/magazin\/wp-json\/wp\/v2\/tags?post=3075"}],"curies":[{"name":"wp","href":"https:\/\/api.w.org\/{rel}","templated":true}]}}