{"id":3377,"date":"2023-04-13T08:09:32","date_gmt":"2023-04-13T06:09:32","guid":{"rendered":"https:\/\/www.magickazena.sk\/magazin\/?p=3377"},"modified":"2023-04-13T08:09:33","modified_gmt":"2023-04-13T06:09:33","slug":"bujara-zabava-a-celebritna-smotanka","status":"publish","type":"post","link":"https:\/\/www.magickazena.sk\/magazin\/2023\/04\/13\/bujara-zabava-a-celebritna-smotanka\/","title":{"rendered":"Bujar\u00e1 z\u00e1bava a\u00a0celebritn\u00e1 smot\u00e1nka."},"content":{"rendered":"\n<figure class=\"wp-block-image size-large\"><img loading=\"lazy\" decoding=\"async\" width=\"1024\" height=\"1024\" src=\"https:\/\/www.magickazena.sk\/magazin\/wp-content\/uploads\/2023\/04\/SS-Malibu-v-plamenoch-1024x1024.jpg\" alt=\"\" class=\"wp-image-3378\" srcset=\"https:\/\/www.magickazena.sk\/magazin\/wp-content\/uploads\/2023\/04\/SS-Malibu-v-plamenoch-1024x1024.jpg 1024w, https:\/\/www.magickazena.sk\/magazin\/wp-content\/uploads\/2023\/04\/SS-Malibu-v-plamenoch-300x300.jpg 300w, https:\/\/www.magickazena.sk\/magazin\/wp-content\/uploads\/2023\/04\/SS-Malibu-v-plamenoch-150x150.jpg 150w, https:\/\/www.magickazena.sk\/magazin\/wp-content\/uploads\/2023\/04\/SS-Malibu-v-plamenoch-768x768.jpg 768w, https:\/\/www.magickazena.sk\/magazin\/wp-content\/uploads\/2023\/04\/SS-Malibu-v-plamenoch.jpg 1200w\" sizes=\"auto, (max-width: 1024px) 100vw, 1024px\" \/><\/figure>\n\n\n<p><strong>To je Malibu v plame\u0148och<\/strong><br \/><br \/><\/p>\n<p>Pr\u00edbeh o\u00a0\u0161tyroch celebritn\u00fdch s\u00farodencoch, ktor\u00ed sa chystaj\u00fa na ka\u017edoro\u010dn\u00fd ve\u010dierok. Ka\u017ed\u00fd z\u00a0nich m\u00e1 svoje starosti, tr\u00e1penia, ale aj tajomstv\u00e1&#8230; a\u00a0ke\u010f d\u00f4jde k\u00a0samotn\u00e9mu ve\u010dierku, akoby ste na \u0148om boli. Akoby v\u00e1s tam pozvali a\u00a0vy si to teraz u\u017e\u00edvate.<br \/><strong><u><a href=\"https:\/\/www.bux.sk\/knihy\/716905-malibu-v-plamenoch.html\">Malibu v\u00a0plame\u0148och<\/a><\/u><\/strong>.<\/p>\n<p><strong>O\u00a0\u010dom je pr\u00edbeh Malibu v\u00a0plame\u0148och?<\/strong><\/p>\n<p>Malibu, august 1983.<br \/>De\u0148, ke\u010f Nina Rivov\u00e1 usporad\u00fava ka\u017edoro\u010dn\u00fd ve\u010dierok na rozl\u00fa\u010dku s letom. Ka\u017ed\u00fd sa chce dosta\u0165 do bl\u00edzkosti \u0161tyroch sl\u00e1vnych s\u00farodencov: Niny, talentovanej surfistky a supermodelky, Jaya, \u0161ampi\u00f3na v surfovan\u00ed, Huda, sl\u00e1vneho fotografa, a ich milovanej sestri\u010dky Kit. V\u0161etci \u0161tyria fascinuj\u00fa cel\u00e9 Malibu a dokonca aj zvy\u0161ok sveta \u2013 najm\u00e4 ako potomkovia legend\u00e1rneho spev\u00e1ka Micka Rivu.<\/p>\n<p>Jedin\u00fd, kto sa na p\u00e1rty roka nete\u0161\u00ed, je sama Nina, ktor\u00e1 nikdy net\u00fa\u017eila by\u0165 v centre pozornosti a ktor\u00fa pr\u00e1ve verejne opustil man\u017eel, profesion\u00e1lny tenista. A mo\u017eno e\u0161te Hud \u2013 ten sa kone\u010dne chyst\u00e1 prizna\u0165 k nie\u010domu d\u00f4le\u017eit\u00e9mu bratovi, s ktor\u00fdm s\u00fa od narodenia nerozlu\u010dn\u00ed. Jay v\u0161ak odpo\u010d\u00edtava min\u00faty do s\u00famraku, lebo diev\u010dina, na ktor\u00fa nem\u00f4\u017ee presta\u0165 myslie\u0165, s\u013e\u00fabila, \u017ee pr\u00edde. A dokonca i najmlad\u0161ia Kit m\u00e1 svoje tajomstv\u00e1 \u2013 vr\u00e1tane hos\u0165a, ktor\u00e9ho pozvala a nikomu o \u0148om nepovedala.<\/p>\n<p>Okolo polnoci sa p\u00e1rty \u00faplne vymkne spod kontroly a r\u00e1no pohltia honosn\u00e9 s\u00eddlo Rivovcov plamene. Ale k\u00fdm v skor\u00fdch rann\u00fdch hodin\u00e1ch vzb\u013akne prv\u00e1 iskra, hudba bude vyhr\u00e1va\u0165, alkohol pote\u010die pr\u00fadom a city a tajomstv\u00e1, ktor\u00e9 formuj\u00fa t\u00fato gener\u00e1ciu sl\u00e1vnej rodiny, postupne vypl\u00e1vaj\u00fa na povrch.<\/p>\n<p><strong>Vypo\u010dujte si \u00faryvok.<br \/>Z knihy \u010d\u00edta Zuzana Jurigov\u00e1 Kapr\u00e1likov\u00e1:<\/strong><\/p>\n\n\n<figure class=\"wp-block-embed is-type-rich is-provider-soundcloud wp-block-embed-soundcloud\"><div class=\"wp-block-embed__wrapper\">\n<iframe loading=\"lazy\" title=\"\u010c\u00edtanie z knihy MALIBU V PLAME\u0147OCH (Taylor Jenkins Reid) by Knihy, ktor\u00fdmi \u017eijete\" width=\"1080\" height=\"400\" scrolling=\"no\" frameborder=\"no\" src=\"https:\/\/w.soundcloud.com\/player\/?visual=true&#038;url=https%3A%2F%2Fapi.soundcloud.com%2Ftracks%2F1490496499&#038;show_artwork=true&#038;maxheight=1000&#038;maxwidth=1080\"><\/iframe>\n<\/div><\/figure>\n\n\n<p><strong><u><a href=\"https:\/\/www.bux.sk\/knihy\/716905-malibu-v-plamenoch.html\">Malibu v\u00a0plame\u0148och<\/a><\/u><\/strong> je napoh\u013ead len \u010fal\u0161\u00ed pr\u00edbeh o\u00a0celebrit\u00e1ch, p\u00e1rty, surferoch, sl\u00e1ve&#8230;ale omyl! Autorka je v\u00fdnimo\u010dn\u00e1 najm\u00e4 \u0161t\u00fdlom, ak\u00fdm to v\u0161etko pod\u00e1va. V\u0161etky tie vz\u0165ahy, radosti a\u00a0starosti, \u00faspechy i\u00a0ne\u00faspechy, podrazy, sl\u00e1vu, celebritn\u00e9 pozl\u00e1tko, z\u00e1vislosti, sex&#8230;v\u0161etko opisuje jedine\u010dn\u00fdm sp\u00f4sobom, ktor\u00fd si zamilujete. Pod\u013eahnete mu, budete to pre\u017e\u00edva\u0165, c\u00edti\u0165. Reid o\u017eivuje postavy na str\u00e1nkach knihy \u2013 a\u00a0to nie je kli\u0161\u00e9. D\u00e1va im rozmer, niektor\u00e9 milujete, in\u00e9 nen\u00e1vid\u00edte, no i\u00a0tie akoby ste ch\u00e1pali&#8230;<\/p>\n<p><em>Sta\u010d\u00ed iskri\u010dka na suchom p\u00fa\u0161tnom dreve a hne\u010f je tu divok\u00fd po\u017eiar so s\u00fdtooran\u017eov\u00fdmi a \u010derven\u00fdmi plame\u0148mi. Pohlcuje krajinu a vydychuje hust\u00fd \u010dierny dym, ktor\u00fd zastrie oblohu a v \u0161irokom okol\u00ed zatieni slnko. Popol sa zn\u00e1\u0161a k zemi ako sneh.<br \/>Prirodzen\u00e9 prostredie zveri \u2013 kry, kroviny a stromy \u2013 aj \u013eudsk\u00e9 obydlia \u2013 chatky, pansk\u00e9 s\u00eddla, bungalovy, ran\u010de, vinohrady a farmy \u2013 zmizn\u00fa v oblaku dymu a zostane po nich iba krajina sp\u00e1len\u00e1 na uho\u013e.<br \/>Ale v tomto kolobehu krajina znovu omladne, \u010doskoro je pripraven\u00e1, aby na nej vyr\u00e1stlo nie\u010do nov\u00e9.<br \/>Skaza. A obnova, ktor\u00e1 povst\u00e1va z popola. To je pr\u00edbeh oh\u0148a.<\/em><\/p>\n<p><em>Milan Buno, kni\u017en\u00fd publicista<\/em><\/p>\n<p>Malibu v\u00a0plame\u0148och: <a href=\"https:\/\/www.bux.sk\/knihy\/716905-malibu-v-plamenoch.html\">https:\/\/www.bux.sk\/knihy\/716905-malibu-v-plamenoch.html<\/a> <br \/>Audio: <a href=\"https:\/\/soundcloud.com\/buxsk\/citanie-z-knihy-malibu-v-plamenoch-taylor-jenkins-reid\">https:\/\/soundcloud.com\/buxsk\/citanie-z-knihy-malibu-v-plamenoch-taylor-jenkins-reid<\/a><\/p>","protected":false},"excerpt":{"rendered":"<p>To je Malibu v plame\u0148och Pr\u00edbeh o\u00a0\u0161tyroch celebritn\u00fdch s\u00farodencoch, ktor\u00ed sa chystaj\u00fa na ka\u017edoro\u010dn\u00fd ve\u010dierok. Ka\u017ed\u00fd z\u00a0nich m\u00e1 svoje starosti, tr\u00e1penia, ale aj tajomstv\u00e1&#8230; a\u00a0ke\u010f d\u00f4jde k\u00a0samotn\u00e9mu ve\u010dierku, akoby ste na \u0148om boli. Akoby v\u00e1s tam pozvali a\u00a0vy si to teraz u\u017e\u00edvate.Malibu v\u00a0plame\u0148och. O\u00a0\u010dom je pr\u00edbeh Malibu v\u00a0plame\u0148och? Malibu, august 1983.De\u0148, ke\u010f Nina Rivov\u00e1 usporad\u00fava ka\u017edoro\u010dn\u00fd ve\u010dierok na rozl\u00fa\u010dku s letom. Ka\u017ed\u00fd sa chce dosta\u0165 do bl\u00edzkosti \u0161tyroch sl\u00e1vnych s\u00farodencov: Niny, talentovanej surfistky a supermodelky, Jaya, \u0161ampi\u00f3na v surfovan\u00ed, Huda, sl\u00e1vneho fotografa, a ich milovanej sestri\u010dky Kit. V\u0161etci \u0161tyria fascinuj\u00fa cel\u00e9 Malibu a dokonca aj zvy\u0161ok sveta \u2013 najm\u00e4 ako potomkovia legend\u00e1rneho spev\u00e1ka Micka Rivu. Jedin\u00fd, kto sa na p\u00e1rty roka nete\u0161\u00ed, je sama Nina, ktor\u00e1 nikdy net\u00fa\u017eila by\u0165 v centre pozornosti a ktor\u00fa pr\u00e1ve verejne opustil man\u017eel, profesion\u00e1lny tenista. A mo\u017eno e\u0161te Hud \u2013 ten sa kone\u010dne chyst\u00e1 prizna\u0165 k nie\u010domu d\u00f4le\u017eit\u00e9mu bratovi, s ktor\u00fdm s\u00fa od narodenia nerozlu\u010dn\u00ed. Jay v\u0161ak odpo\u010d\u00edtava min\u00faty do s\u00famraku, lebo diev\u010dina, na ktor\u00fa nem\u00f4\u017ee presta\u0165 myslie\u0165, s\u013e\u00fabila, \u017ee pr\u00edde. A dokonca i najmlad\u0161ia Kit m\u00e1 svoje tajomstv\u00e1 \u2013 vr\u00e1tane hos\u0165a, ktor\u00e9ho pozvala a nikomu o \u0148om nepovedala. Okolo polnoci sa p\u00e1rty \u00faplne vymkne spod kontroly a r\u00e1no pohltia honosn\u00e9 s\u00eddlo Rivovcov plamene. Ale [&hellip;]<\/p>\n","protected":false},"author":1,"featured_media":3378,"comment_status":"closed","ping_status":"closed","sticky":false,"template":"single-sidebar.php","format":"standard","meta":{"footnotes":""},"categories":[14],"tags":[30,29,31,21,37],"class_list":["post-3377","post","type-post","status-publish","format-standard","has-post-thumbnail","hentry","category-novinky","tag-recenzia","tag-relax","tag-tip","tag-zdravie","tag-zena"],"aioseo_notices":[],"_links":{"self":[{"href":"https:\/\/www.magickazena.sk\/magazin\/wp-json\/wp\/v2\/posts\/3377","targetHints":{"allow":["GET"]}}],"collection":[{"href":"https:\/\/www.magickazena.sk\/magazin\/wp-json\/wp\/v2\/posts"}],"about":[{"href":"https:\/\/www.magickazena.sk\/magazin\/wp-json\/wp\/v2\/types\/post"}],"author":[{"embeddable":true,"href":"https:\/\/www.magickazena.sk\/magazin\/wp-json\/wp\/v2\/users\/1"}],"replies":[{"embeddable":true,"href":"https:\/\/www.magickazena.sk\/magazin\/wp-json\/wp\/v2\/comments?post=3377"}],"version-history":[{"count":1,"href":"https:\/\/www.magickazena.sk\/magazin\/wp-json\/wp\/v2\/posts\/3377\/revisions"}],"predecessor-version":[{"id":3379,"href":"https:\/\/www.magickazena.sk\/magazin\/wp-json\/wp\/v2\/posts\/3377\/revisions\/3379"}],"wp:featuredmedia":[{"embeddable":true,"href":"https:\/\/www.magickazena.sk\/magazin\/wp-json\/wp\/v2\/media\/3378"}],"wp:attachment":[{"href":"https:\/\/www.magickazena.sk\/magazin\/wp-json\/wp\/v2\/media?parent=3377"}],"wp:term":[{"taxonomy":"category","embeddable":true,"href":"https:\/\/www.magickazena.sk\/magazin\/wp-json\/wp\/v2\/categories?post=3377"},{"taxonomy":"post_tag","embeddable":true,"href":"https:\/\/www.magickazena.sk\/magazin\/wp-json\/wp\/v2\/tags?post=3377"}],"curies":[{"name":"wp","href":"https:\/\/api.w.org\/{rel}","templated":true}]}}