{"id":3530,"date":"2023-06-09T14:54:33","date_gmt":"2023-06-09T12:54:33","guid":{"rendered":"https:\/\/www.magickazena.sk\/magazin\/?p=3530"},"modified":"2023-06-09T14:54:33","modified_gmt":"2023-06-09T12:54:33","slug":"naveky-tvoja","status":"publish","type":"post","link":"https:\/\/www.magickazena.sk\/magazin\/2023\/06\/09\/naveky-tvoja\/","title":{"rendered":"Naveky tvoja."},"content":{"rendered":"\n<figure class=\"wp-block-image size-full\"><img loading=\"lazy\" decoding=\"async\" width=\"800\" height=\"600\" src=\"https:\/\/www.magickazena.sk\/magazin\/wp-content\/uploads\/2023\/06\/Naveky-tvoja-1.jpg\" alt=\"\" class=\"wp-image-3533\" srcset=\"https:\/\/www.magickazena.sk\/magazin\/wp-content\/uploads\/2023\/06\/Naveky-tvoja-1.jpg 800w, https:\/\/www.magickazena.sk\/magazin\/wp-content\/uploads\/2023\/06\/Naveky-tvoja-1-300x225.jpg 300w, https:\/\/www.magickazena.sk\/magazin\/wp-content\/uploads\/2023\/06\/Naveky-tvoja-1-768x576.jpg 768w\" sizes=\"auto, (max-width: 800px) 100vw, 800px\" \/><\/figure>\n\n\n<p><strong>. Nov\u00e1 romanca od Jany Pronskej<br \/><br \/><\/strong><\/p>\n<p>Kr\u00e1\u013eovn\u00e1 historickej romance Jana Pronsk\u00e1 m\u00e1 na svojom konte u\u017e 23 kn\u00edh a dlh\u00e9 roky patr\u00ed k najob\u013e\u00fabenej\u0161\u00edm slovensk\u00fdm autork\u00e1m. N\u00e1met pre svoj najnov\u0161\u00ed rom\u00e1n s n\u00e1zvom <strong><u><a href=\"https:\/\/www.bux.sk\/knihy\/723181-naveky-tvoja.html\">Naveky tvoja<\/a><\/u><\/strong> op\u00e4\u0165 \u010derpala z na\u0161ich dej\u00edn, no tentoraz n\u00e1s zavedie aj na neapolsk\u00fd kr\u00e1\u013eovsk\u00fd dvor, miesto zrodu podma\u0148uj\u00faceho pr\u00edbehu l\u00e1sky dvornej d\u00e1my Herm\u00edny a rytiera Matiasa.<\/p>\n<p><em>Verte mi, zo sk\u00fasenosti viem, \u017ee \u017eivot n\u00e1s ob\u010das poriadne potr\u00e1pi, polo\u017e\u00ed n\u00e1m pod nohy t\u0155\u0148ov\u00e9 polen\u00e1, prin\u00fati n\u00e1s pokori\u0165 sa, modli\u0165 sa a prosi\u0165, ke\u010f krivda v du\u0161i bol\u00ed najviac, no z\u00e1rove\u0148 n\u00e1s to zocel\u00ed a posiln\u00ed. Je ako me\u010d z nevzh\u013eadnej chladivej \u017eeleznej rudy, najprv mus\u00ed zhorie\u0165, potom sa ohn\u00fa\u0165, znies\u0165 tis\u00edc r\u00e1n kladivom, a\u017e potom sa z neho stane zbra\u0148 hodn\u00e1 rytiera.\u201c<\/em><\/p>\n<p>Dvorn\u00e1 d\u00e1ma kr\u00e1\u013eovnej Jany Neapolskej Herm\u00edna de Brie-Comte sa po\u010das ve\u013ekolep\u00e9ho rytierskeho turnaja zah\u013ead\u00ed do uhorsk\u00e9ho rytiera Matiasa z Bor\u0161e, ktor\u00fd jej z\u00e1ujem op\u00e4tuje. Netrv\u00e1 dlho a vz\u00e1jomn\u00e1 n\u00e1klonnos\u0165 medzi dvoma mlad\u00fdmi \u013eu\u010fmi prerastie v l\u00e1sku. Ani jeden z nich v\u0161ak netu\u0161\u00ed, \u017ee ich ne\u010dak\u00e1 \u0161\u0165astn\u00fd koniec. Kr\u00e1\u013eovn\u00e1 Jana m\u00e1 toti\u017e s Herm\u00ednou vlastn\u00e9 pl\u00e1ny, ktor\u00e9 pramenia v minulosti, a je pevne rozhodnut\u00e1 urobi\u0165 \u010doko\u013evek, aby ich naplnila. Kv\u00f4li pomste nev\u00e1ha Herm\u00edne a Matiasovi zni\u010di\u0165 \u017eivot a nik netu\u0161\u00ed, ako \u010faleko je schopn\u00e1 z\u00e1js\u0165.<\/p>\n<p>Zlov\u00f4\u013ea a intrigy kr\u00e1\u013eovnej zmaria aj t\u00fa najmen\u0161iu n\u00e1dej, \u017ee sa za\u013e\u00fabenci do\u010dkaj\u00fa spolo\u010dn\u00e9ho \u0161\u0165astia. Herm\u00edna sa mus\u00ed vyda\u0165 za in\u00e9ho a Matiasovi jej domnel\u00e1 zrada zlom\u00ed srdce. Akoby toho nebolo m\u00e1lo, \u017een\u00edchom je jeho ni\u010d netu\u0161iaci priate\u013e R\u00f3bert Druget, ktor\u00fd sa m\u00e1 sta\u0165 nov\u00fdm vyslancom na neapolskom kr\u00e1\u013eovskom dvore&#8230;<\/p>\n<p>N\u00e1jdu si dve miluj\u00face srdcia k sebe znovu cestu i napriek tomu, \u017ee nad nimi vis\u00ed hrozba hor\u0161ia ne\u017e smr\u0165? Ak\u00e9 pr\u00edkoria bud\u00fa musie\u0165 znies\u0165, aby prekonali intrigy, obvinenia i vlastn\u00e9 pochybnosti a ned\u00f4veru? Je ich l\u00e1ska dos\u0165 mocn\u00e1, aby zdolala v\u0161etky prek\u00e1\u017eky?<\/p>\n<p><strong>Pozrite si video autorky Jany Pronskej:<\/strong><\/p>\n\n\n<figure class=\"wp-block-embed is-type-rich is-provider-vlozit-handler wp-block-embed-vlozit-handler wp-embed-aspect-16-9 wp-has-aspect-ratio\"><div class=\"wp-block-embed__wrapper\">\n<iframe loading=\"lazy\" title=\"Naveky tvoja | Jana Pronsk\u00e1\" width=\"1080\" height=\"608\" src=\"https:\/\/www.youtube.com\/embed\/UXosmiKXSzg?feature=oembed\" frameborder=\"0\" allow=\"accelerometer; autoplay; clipboard-write; encrypted-media; gyroscope; picture-in-picture; web-share\" allowfullscreen><\/iframe>\n<\/div><\/figure>\n\n\n<p>Prv\u00fdkr\u00e1t za\u010dala Janka Pronsk\u00e1 p\u00edsa\u0165 pr\u00edbeh <strong><u><a href=\"https:\/\/www.bux.sk\/knihy\/723181-naveky-tvoja.html\">Naveky tvoja<\/a><\/u><\/strong> od prostriedku, \u010do napoved\u00e1 aj Prol\u00f3g knihy. \u201e<em>In\u0161pir\u00e1ciu k pr\u00edbehu som na\u0161la n\u00e1hodou,\u201c<\/em> spom\u00edna si. <em>\u201eBola to zmienka o R\u00e1de Lazari\u00e1nov a Lese malomocn\u00fdch, ktor\u00fd sa vraj nach\u00e1dzal bl\u00edzko Kom\u00e1rna a aj to, \u017ee aj na na\u0161om \u00fazem\u00ed sa vyskytovala lepra. Archeologick\u00e9 v\u00fdskumy to vraj potvrdili.\u201c<\/em><\/p>\n<pre>Milan Buno, kni\u017en\u00fd publicista<br \/><br \/>Naveky tvoja: <a href=\"https:\/\/www.bux.sk\/knihy\/723181-naveky-tvoja.html\">https:\/\/www.bux.sk\/knihy\/723181-naveky-tvoja.html<\/a> <br \/>Video: <a href=\"https:\/\/youtu.be\/UXosmiKXSzg\">https:\/\/youtu.be\/UXosmiKXSzg<\/a><\/pre>","protected":false},"excerpt":{"rendered":"<p>. Nov\u00e1 romanca od Jany Pronskej Kr\u00e1\u013eovn\u00e1 historickej romance Jana Pronsk\u00e1 m\u00e1 na svojom konte u\u017e 23 kn\u00edh a dlh\u00e9 roky patr\u00ed k najob\u013e\u00fabenej\u0161\u00edm slovensk\u00fdm autork\u00e1m. N\u00e1met pre svoj najnov\u0161\u00ed rom\u00e1n s n\u00e1zvom Naveky tvoja op\u00e4\u0165 \u010derpala z na\u0161ich dej\u00edn, no tentoraz n\u00e1s zavedie aj na neapolsk\u00fd kr\u00e1\u013eovsk\u00fd dvor, miesto zrodu podma\u0148uj\u00faceho pr\u00edbehu l\u00e1sky dvornej d\u00e1my Herm\u00edny a rytiera Matiasa. Verte mi, zo sk\u00fasenosti viem, \u017ee \u017eivot n\u00e1s ob\u010das poriadne potr\u00e1pi, polo\u017e\u00ed n\u00e1m pod nohy t\u0155\u0148ov\u00e9 polen\u00e1, prin\u00fati n\u00e1s pokori\u0165 sa, modli\u0165 sa a prosi\u0165, ke\u010f krivda v du\u0161i bol\u00ed najviac, no z\u00e1rove\u0148 n\u00e1s to zocel\u00ed a posiln\u00ed. Je ako me\u010d z nevzh\u013eadnej chladivej \u017eeleznej rudy, najprv mus\u00ed zhorie\u0165, potom sa ohn\u00fa\u0165, znies\u0165 tis\u00edc r\u00e1n kladivom, a\u017e potom sa z neho stane zbra\u0148 hodn\u00e1 rytiera.\u201c Dvorn\u00e1 d\u00e1ma kr\u00e1\u013eovnej Jany Neapolskej Herm\u00edna de Brie-Comte sa po\u010das ve\u013ekolep\u00e9ho rytierskeho turnaja zah\u013ead\u00ed do uhorsk\u00e9ho rytiera Matiasa z Bor\u0161e, ktor\u00fd jej z\u00e1ujem op\u00e4tuje. Netrv\u00e1 dlho a vz\u00e1jomn\u00e1 n\u00e1klonnos\u0165 medzi dvoma mlad\u00fdmi \u013eu\u010fmi prerastie v l\u00e1sku. Ani jeden z nich v\u0161ak netu\u0161\u00ed, \u017ee ich ne\u010dak\u00e1 \u0161\u0165astn\u00fd koniec. Kr\u00e1\u013eovn\u00e1 Jana m\u00e1 toti\u017e s Herm\u00ednou vlastn\u00e9 pl\u00e1ny, ktor\u00e9 pramenia v minulosti, a je pevne rozhodnut\u00e1 urobi\u0165 \u010doko\u013evek, aby ich naplnila. Kv\u00f4li pomste nev\u00e1ha Herm\u00edne a Matiasovi zni\u010di\u0165 [&hellip;]<\/p>\n","protected":false},"author":1,"featured_media":3532,"comment_status":"closed","ping_status":"closed","sticky":false,"template":"single-sidebar.php","format":"standard","meta":{"footnotes":""},"categories":[14],"tags":[30,29,31],"class_list":["post-3530","post","type-post","status-publish","format-standard","has-post-thumbnail","hentry","category-novinky","tag-recenzia","tag-relax","tag-tip"],"aioseo_notices":[],"_links":{"self":[{"href":"https:\/\/www.magickazena.sk\/magazin\/wp-json\/wp\/v2\/posts\/3530","targetHints":{"allow":["GET"]}}],"collection":[{"href":"https:\/\/www.magickazena.sk\/magazin\/wp-json\/wp\/v2\/posts"}],"about":[{"href":"https:\/\/www.magickazena.sk\/magazin\/wp-json\/wp\/v2\/types\/post"}],"author":[{"embeddable":true,"href":"https:\/\/www.magickazena.sk\/magazin\/wp-json\/wp\/v2\/users\/1"}],"replies":[{"embeddable":true,"href":"https:\/\/www.magickazena.sk\/magazin\/wp-json\/wp\/v2\/comments?post=3530"}],"version-history":[{"count":1,"href":"https:\/\/www.magickazena.sk\/magazin\/wp-json\/wp\/v2\/posts\/3530\/revisions"}],"predecessor-version":[{"id":3534,"href":"https:\/\/www.magickazena.sk\/magazin\/wp-json\/wp\/v2\/posts\/3530\/revisions\/3534"}],"wp:featuredmedia":[{"embeddable":true,"href":"https:\/\/www.magickazena.sk\/magazin\/wp-json\/wp\/v2\/media\/3532"}],"wp:attachment":[{"href":"https:\/\/www.magickazena.sk\/magazin\/wp-json\/wp\/v2\/media?parent=3530"}],"wp:term":[{"taxonomy":"category","embeddable":true,"href":"https:\/\/www.magickazena.sk\/magazin\/wp-json\/wp\/v2\/categories?post=3530"},{"taxonomy":"post_tag","embeddable":true,"href":"https:\/\/www.magickazena.sk\/magazin\/wp-json\/wp\/v2\/tags?post=3530"}],"curies":[{"name":"wp","href":"https:\/\/api.w.org\/{rel}","templated":true}]}}