{"id":3548,"date":"2023-06-20T16:10:37","date_gmt":"2023-06-20T14:10:37","guid":{"rendered":"https:\/\/www.magickazena.sk\/magazin\/?p=3548"},"modified":"2023-06-20T16:13:29","modified_gmt":"2023-06-20T14:13:29","slug":"vtipna-detektivka-o-byvalej-kancelarke-a-vrazde","status":"publish","type":"post","link":"https:\/\/www.magickazena.sk\/magazin\/2023\/06\/20\/vtipna-detektivka-o-byvalej-kancelarke-a-vrazde\/","title":{"rendered":"Vtipn\u00e1 detekt\u00edvka o\u00a0b\u00fdvalej kancel\u00e1rke a\u00a0vra\u017ede."},"content":{"rendered":"\n<div class=\"wp-block-image\"><figure class=\"aligncenter size-full is-resized\"><img loading=\"lazy\" decoding=\"async\" src=\"https:\/\/www.magickazena.sk\/magazin\/wp-content\/uploads\/2023\/06\/Slecna-Merkelova.jpg\" alt=\"\" class=\"wp-image-3550\" width=\"417\" height=\"661\" srcset=\"https:\/\/www.magickazena.sk\/magazin\/wp-content\/uploads\/2023\/06\/Slecna-Merkelova.jpg 621w, https:\/\/www.magickazena.sk\/magazin\/wp-content\/uploads\/2023\/06\/Slecna-Merkelova-189x300.jpg 189w\" sizes=\"auto, (max-width: 417px) 100vw, 417px\" \/><\/figure><\/div>\n\n\n<p><strong>Sle\u010dna Merkelov\u00e1<br \/><br \/><\/strong><\/p>\n<p>M\u00e1te chu\u0165 na netradi\u010dn\u00fa, z\u00e1bavn\u00fa detekt\u00edvku, v\u00a0ktorej sa to hem\u017e\u00ed odkazmi, ir\u00f3niou a\u00a0sarkazmom? Je tu <strong><u><a href=\"https:\/\/www.bux.sk\/knihy\/647645-slecna-merkelova-vrazda-na-zamku.html\">Sle\u010dna Merkelov\u00e1: Vra\u017eda na z\u00e1mku<\/a><\/u><\/strong>. Vtipn\u00fd a\u00a0svie\u017ei pr\u00edbeh nemeck\u00e9ho autora, v\u00a0ktorom sp\u00e1ja Columba, sle\u010dnu Marplov\u00fa a\u00a0politiku.<\/p>\n<p>Ako by sa dal lep\u0161ie str\u00e1vi\u0165 d\u00f4chodok ne\u017e v pokojnom, malebnom prostred\u00ed? <br \/>Kancel\u00e1rka je na zasl\u00fa\u017eenom odpo\u010dinku u\u017e \u0161es\u0165 t\u00fd\u017ed\u0148ov a s man\u017eelom a mopsl\u00edkom sa pres\u0165ahovala do Kleinfreudenstadtu pri kr\u00e1snom jazere Dumpfsee. Po ru\u0161nom \u017eivote v Berl\u00edne je v\u0161ak pre \u0148u \u0165a\u017ek\u00e9 zvykn\u00fa\u0165 si na pokojn\u00fa existenciu a pe\u010denie aj prech\u00e1dzky sa jej \u010doskoro zunuj\u00fa.<\/p>\n<p>Potom sa v\u0161ak v z\u00e1mockej hladomorni zamknutej zvn\u00fatra n\u00e1jde telo bar\u00f3na Philipa von Baugenwitza a Angela chyt\u00ed druh\u00fd dych. Kone\u010dne je na sc\u00e9ne probl\u00e9m, ktor\u00fd treba vyrie\u0161i\u0165! S podporou milovan\u00e9ho man\u017eela a citliv\u00e9ho osobn\u00e9ho str\u00e1\u017ecu sa pust\u00ed do nebezpe\u010dn\u00e9ho p\u00e1trania po vrahovi. N\u00e1jde ho? Podar\u00ed sa jej udom\u00e1cni\u0165 v Kleinfreudenstadte a n\u00e1js\u0165 si prv\u00fd raz v \u017eivote priate\u013eov? Ale \u010do ak je vinn\u00edk medzi nimi? <br \/>Tak\u00e9to ot\u00e1zky m\u00f4\u017ee zodpoveda\u0165 iba ve\u013ek\u00e1 detekt\u00edvka a Angela sa nenech\u00e1 zastavi\u0165!<\/p>\n<p>David Safier p\u00ed\u0161e ve\u013emi svie\u017eo, svi\u017en\u00fdm \u0161t\u00fdlom, ods\u00fdpa, to. M\u00e1 dynamick\u00e9 dial\u00f3gy, pri ktor\u00fdch sa neraz u\u0161k\u0155\u0148ate, usmievate. Vyu\u017e\u00edva re\u00e1lne spomienky, udalosti, aj osoby &#8211; napr\u00edklad pes Angely Merkeleovej sa vol\u00e1 Putin \ud83d\ude42 a hne\u010f v \u00favode si autor dovolil slovn\u00e9 hra\u010dky.<\/p>\n<p><em>Ved\u013ea Mika sa kr\u010dil Putin. Nie rusk\u00fd prezident, ale mal\u00fd svetl\u00fd mopsl\u00edk s \u010diernym f\u013eakom okolo \u013eav\u00e9ho oka, ktor\u00e9ho Achim priniesol z \u00fatulku a daroval Angele v de\u0148 jej odchodu do d\u00f4chodku. Roztomil\u00e9 zvieratko malo Angele pom\u00f4c\u0165 kone\u010dne prekona\u0165 strach zo psov. A ke\u010f\u017ee Putin, nie mopsl\u00edk, ale ten skuto\u010dn\u00fd, raz nechal v jej pr\u00edtomnosti vo\u013ene beha\u0165 ve\u013ek\u00e9ho \u010dierneho psa, preto\u017ee vedel o jej probl\u00e9me, pomenovala Angela pr\u00edtuln\u00e9ho ps\u00edka po ruskom prezidentovi.<\/em><\/p>\n<p>N\u00e1sledne mopsl\u00edk Putin nalo\u017e\u00ed na tr\u00e1vnik pekn\u00fa k\u00f4pku. Ochrank\u00e1r Mika by to aj odpratal, ale nie je mu to pr\u00edjemn\u00e9&#8230;no Angela sa toho ne\u0161t\u00edti.<\/p>\n<p><em>Sk\u00f4r ne\u017e chytil vrecko, b\u00fdval\u00e1 spolkov\u00e1 kancel\u00e1rka sa sklonila so slovami: \u201eSprav\u00edm to ja. Som zvyknut\u00e1 upratova\u0165 po Putinovi.\u201c<\/em><\/p>\n<p><strong>Vypo\u010dujte si \u00faryvok.<br \/>Z knihy \u010d\u00edta Alfr\u00e9d Swan:<\/strong><\/p>\n\n\n<figure class=\"wp-block-embed is-type-rich is-provider-soundcloud wp-block-embed-soundcloud\"><div class=\"wp-block-embed__wrapper\">\n<iframe loading=\"lazy\" title=\"\u010c\u00edtanie z knihy SLE\u010cNA MERKELOV\u00c1 \u2013 Vra\u017eda na z\u00e1mku (David Safier) by Knihy, ktor\u00fdmi \u017eijete\" width=\"1080\" height=\"400\" scrolling=\"no\" frameborder=\"no\" src=\"https:\/\/w.soundcloud.com\/player\/?visual=true&#038;url=https%3A%2F%2Fapi.soundcloud.com%2Ftracks%2F1537411075&#038;show_artwork=true&#038;maxheight=1000&#038;maxwidth=1080\"><\/iframe> \n<\/div><\/figure>\n\n\n<pre>Milan Buno, kni\u017en\u00fd publicista<br \/><br \/>Sle\u010dna Merkelov\u00e1: <a href=\"https:\/\/www.bux.sk\/knihy\/647645-slecna-merkelova-vrazda-na-zamku.html\">https:\/\/www.bux.sk\/knihy\/647645-slecna-merkelova-vrazda-na-zamku.html<\/a> <br \/>Audio \u00faryvok: <a href=\"https:\/\/soundcloud.com\/buxsk\/citanie-z-knihy-slecna-merkelova-vrazda-na-zamku-david-safier\">https:\/\/soundcloud.com\/buxsk\/citanie-z-knihy-slecna-merkelova-vrazda-na-zamku-david-safier<\/a><\/pre>","protected":false},"excerpt":{"rendered":"<p>Sle\u010dna Merkelov\u00e1 M\u00e1te chu\u0165 na netradi\u010dn\u00fa, z\u00e1bavn\u00fa detekt\u00edvku, v\u00a0ktorej sa to hem\u017e\u00ed odkazmi, ir\u00f3niou a\u00a0sarkazmom? Je tu Sle\u010dna Merkelov\u00e1: Vra\u017eda na z\u00e1mku. Vtipn\u00fd a\u00a0svie\u017ei pr\u00edbeh nemeck\u00e9ho autora, v\u00a0ktorom sp\u00e1ja Columba, sle\u010dnu Marplov\u00fa a\u00a0politiku. Ako by sa dal lep\u0161ie str\u00e1vi\u0165 d\u00f4chodok ne\u017e v pokojnom, malebnom prostred\u00ed? Kancel\u00e1rka je na zasl\u00fa\u017eenom odpo\u010dinku u\u017e \u0161es\u0165 t\u00fd\u017ed\u0148ov a s man\u017eelom a mopsl\u00edkom sa pres\u0165ahovala do Kleinfreudenstadtu pri kr\u00e1snom jazere Dumpfsee. Po ru\u0161nom \u017eivote v Berl\u00edne je v\u0161ak pre \u0148u \u0165a\u017ek\u00e9 zvykn\u00fa\u0165 si na pokojn\u00fa existenciu a pe\u010denie aj prech\u00e1dzky sa jej \u010doskoro zunuj\u00fa. Potom sa v\u0161ak v z\u00e1mockej hladomorni zamknutej zvn\u00fatra n\u00e1jde telo bar\u00f3na Philipa von Baugenwitza a Angela chyt\u00ed druh\u00fd dych. Kone\u010dne je na sc\u00e9ne probl\u00e9m, ktor\u00fd treba vyrie\u0161i\u0165! S podporou milovan\u00e9ho man\u017eela a citliv\u00e9ho osobn\u00e9ho str\u00e1\u017ecu sa pust\u00ed do nebezpe\u010dn\u00e9ho p\u00e1trania po vrahovi. N\u00e1jde ho? Podar\u00ed sa jej udom\u00e1cni\u0165 v Kleinfreudenstadte a n\u00e1js\u0165 si prv\u00fd raz v \u017eivote priate\u013eov? Ale \u010do ak je vinn\u00edk medzi nimi? Tak\u00e9to ot\u00e1zky m\u00f4\u017ee zodpoveda\u0165 iba ve\u013ek\u00e1 detekt\u00edvka a Angela sa nenech\u00e1 zastavi\u0165! David Safier p\u00ed\u0161e ve\u013emi svie\u017eo, svi\u017en\u00fdm \u0161t\u00fdlom, ods\u00fdpa, to. M\u00e1 dynamick\u00e9 dial\u00f3gy, pri ktor\u00fdch sa neraz u\u0161k\u0155\u0148ate, usmievate. Vyu\u017e\u00edva re\u00e1lne spomienky, udalosti, aj osoby &#8211; napr\u00edklad pes Angely Merkeleovej sa vol\u00e1 Putin \ud83d\ude42 a [&hellip;]<\/p>\n","protected":false},"author":1,"featured_media":3549,"comment_status":"closed","ping_status":"closed","sticky":false,"template":"single-sidebar.php","format":"standard","meta":{"footnotes":""},"categories":[14],"tags":[30,29,31],"class_list":["post-3548","post","type-post","status-publish","format-standard","has-post-thumbnail","hentry","category-novinky","tag-recenzia","tag-relax","tag-tip"],"aioseo_notices":[],"_links":{"self":[{"href":"https:\/\/www.magickazena.sk\/magazin\/wp-json\/wp\/v2\/posts\/3548","targetHints":{"allow":["GET"]}}],"collection":[{"href":"https:\/\/www.magickazena.sk\/magazin\/wp-json\/wp\/v2\/posts"}],"about":[{"href":"https:\/\/www.magickazena.sk\/magazin\/wp-json\/wp\/v2\/types\/post"}],"author":[{"embeddable":true,"href":"https:\/\/www.magickazena.sk\/magazin\/wp-json\/wp\/v2\/users\/1"}],"replies":[{"embeddable":true,"href":"https:\/\/www.magickazena.sk\/magazin\/wp-json\/wp\/v2\/comments?post=3548"}],"version-history":[{"count":1,"href":"https:\/\/www.magickazena.sk\/magazin\/wp-json\/wp\/v2\/posts\/3548\/revisions"}],"predecessor-version":[{"id":3551,"href":"https:\/\/www.magickazena.sk\/magazin\/wp-json\/wp\/v2\/posts\/3548\/revisions\/3551"}],"wp:featuredmedia":[{"embeddable":true,"href":"https:\/\/www.magickazena.sk\/magazin\/wp-json\/wp\/v2\/media\/3549"}],"wp:attachment":[{"href":"https:\/\/www.magickazena.sk\/magazin\/wp-json\/wp\/v2\/media?parent=3548"}],"wp:term":[{"taxonomy":"category","embeddable":true,"href":"https:\/\/www.magickazena.sk\/magazin\/wp-json\/wp\/v2\/categories?post=3548"},{"taxonomy":"post_tag","embeddable":true,"href":"https:\/\/www.magickazena.sk\/magazin\/wp-json\/wp\/v2\/tags?post=3548"}],"curies":[{"name":"wp","href":"https:\/\/api.w.org\/{rel}","templated":true}]}}