{"id":3779,"date":"2023-11-30T13:46:58","date_gmt":"2023-11-30T12:46:58","guid":{"rendered":"https:\/\/www.magickazena.sk\/magazin\/?p=3779"},"modified":"2023-11-30T13:46:58","modified_gmt":"2023-11-30T12:46:58","slug":"novy-romanticky-pribeh-jany-pronskej-suboj-s-laskou","status":"publish","type":"post","link":"https:\/\/www.magickazena.sk\/magazin\/2023\/11\/30\/novy-romanticky-pribeh-jany-pronskej-suboj-s-laskou\/","title":{"rendered":"Nov\u00fd romantick\u00fd pr\u00edbeh Jany Pronskej &#8211; S\u00faboj s\u00a0l\u00e1skou"},"content":{"rendered":"\n<div class=\"wp-block-image\"><figure class=\"aligncenter size-large is-resized\"><img loading=\"lazy\" decoding=\"async\" src=\"https:\/\/www.magickazena.sk\/magazin\/wp-content\/uploads\/2023\/11\/Suboj-s-laskou-642x1024.jpg\" alt=\"\" class=\"wp-image-3780\" width=\"411\" height=\"655\" srcset=\"https:\/\/www.magickazena.sk\/magazin\/wp-content\/uploads\/2023\/11\/Suboj-s-laskou-642x1024.jpg 642w, https:\/\/www.magickazena.sk\/magazin\/wp-content\/uploads\/2023\/11\/Suboj-s-laskou-188x300.jpg 188w, https:\/\/www.magickazena.sk\/magazin\/wp-content\/uploads\/2023\/11\/Suboj-s-laskou-768x1225.jpg 768w, https:\/\/www.magickazena.sk\/magazin\/wp-content\/uploads\/2023\/11\/Suboj-s-laskou-963x1536.jpg 963w, https:\/\/www.magickazena.sk\/magazin\/wp-content\/uploads\/2023\/11\/Suboj-s-laskou-1284x2048.jpg 1284w, https:\/\/www.magickazena.sk\/magazin\/wp-content\/uploads\/2023\/11\/Suboj-s-laskou.jpg 1528w\" sizes=\"auto, (max-width: 411px) 100vw, 411px\" \/><\/figure><\/div>\n\n\n<p style=\"font-weight: 400;\">Op\u00e4\u0165 ve\u013emi p\u00fatav\u00fd, dobre premyslen\u00fd pr\u00edbeh in\u0161pirovan\u00fd legendou o l\u00fape\u017en\u00fdch rytieroch, bratoch Podmanick\u00fdch, ktor\u00ed skuto\u010dne existovali. <br \/>Prv\u00e1 d\u00e1ma slovenskej historickej romance Jana Pronsk\u00e1 v\u00e1s v\u00a0najnov\u0161om rom\u00e1ne s n\u00e1zvom <strong><u><a href=\"https:\/\/www.bux.sk\/knihy\/746997-suboj-s-laskou.html\">S\u00faboj s l\u00e1skou<\/a><\/u><\/strong> zavedie na tajomn\u00fd, poves\u0165ami opraden\u00fd hrad Bystrica. Odohr\u00e1 sa tam nezabudnute\u013en\u00fd pr\u00edbeh o l\u00e1ske, zrade a pomste.<\/p>\n<p style=\"font-weight: 400;\">Bratia Rafael a J\u00e1n Podmanick\u00ed z Bystrice, mocn\u00ed ve\u013emo\u017ei a l\u00fape\u017en\u00ed rytieri, ovl\u00e1daj\u00fa cel\u00e9 Pova\u017eie a trasie sa pred nimi i \u0161\u013eachta na Morave a v Sliezsku. S\u00fa nielen ne\u013e\u00fatostn\u00ed bojovn\u00edci, ale aj obratn\u00ed diplomati a v\u0161etky \u00fatoky proti nim sa kon\u010dia ich v\u00ed\u0165azstvom. Pr\u00edbuzensk\u00e9 zv\u00e4zky s predstavite\u013emi cirkvi a v\u00fdznamn\u00fdmi \u0161\u013eachtick\u00fdmi rodmi im otv\u00e1raj\u00fa v\u0161etky dvere a z\u00e1rove\u0148 ich chr\u00e1nia pred pomstou t\u00fdch, ktor\u00fdm siahli na majetky.<\/p>\n<p style=\"font-weight: 400;\">Pri jednom z l\u00fape\u017en\u00fdch prepadov Rafael zajme kr\u00e1snu po\u013esk\u00fa \u0161\u013eachti\u010dn\u00fa Hedvigu, ktor\u00e1 ho o\u010dar\u00ed tak ve\u013emi, \u017ee jej pon\u00fakne man\u017eelstvo. V Bystrici v\u0161ak \u017eije Janika, dc\u00e9ra p\u00e1na z Lomnice, ktor\u00fa vychovali drsn\u00ed \u017eoldnieri z Rafaelovej dru\u017einy. Odjak\u017eiva sa zo v\u0161etk\u00fdch s\u00edl usilovala z\u00edska\u0165 uznanie bratov Podmanick\u00fdch, navy\u0161e v srdci cel\u00e9 roky skr\u00fdvala l\u00e1sku, ktor\u00fa nesmela nikomu uk\u00e1za\u0165.<\/p>\n<p style=\"font-weight: 400;\">Ke\u010f sa jej kone\u010dne podar\u00ed uspie\u0165 medzi bojom o\u0161\u013eahan\u00fdmi mu\u017emi, na hrade sa zjav\u00ed o\u010daruj\u00faca zajatky\u0148a a Janika si mus\u00ed vybra\u0165: bu\u010f zabojuje o Rafaelovo srdce, alebo sa vzd\u00e1 a pr\u00edde o v\u0161etko. No ako m\u00e1 presved\u010di\u0165 mu\u017ea, o ktor\u00e9ho stoj\u00ed, \u017ee kr\u00e1sna tv\u00e1r nie je v\u0161etko, na \u010dom v \u017eivote z\u00e1le\u017e\u00ed? \u017de nie v\u017edy ten, kto o l\u00e1ske hovor\u00ed, ju aj skuto\u010dne c\u00edti? A stihn\u00fa si v\u00f4bec dve srdcia n\u00e1js\u0165 k sebe cestu, ke\u010f sa nad nimi za\u010dn\u00fa s\u0165ahova\u0165 mra\u010dn\u00e1 pomsty a zrady?<\/p>\n<p style=\"font-weight: 400;\"><em>Janiku ten dych vyr\u00e1\u017eaj\u00faci obraz zaka\u017ed\u00fdm o\u010daril.<br \/>Takmer ka\u017ed\u00e9 r\u00e1no, ke<\/em><em>\u010f<\/em><em> sem na \u00fasvite zav\u00edtala, na\u0161la si chv\u00ed\u013eu, aby sa pristavila a vn\u00edmala nev\u00fdslovn\u00fa kr\u00e1su rann\u00fdch z\u00f4r, ke\u010f sa slnko s ustupuj\u00facou nocou driape nad kon\u010diare h\u00f4r a v tej nikdy sa nekon\u010diacej bitke sa nebo farb\u00ed do purpurova. <br \/>Tu v samote a tichu, vysoko nad \u00fadol\u00edm a\u00a0bl\u00edzko k Bohu, nemusela ni\u010d skr\u00fdva\u0165, nad ni\u010d\u00edm rozhutova\u0165. Bola tu sama so svojimi my\u0161lienkami, tajn\u00fdmi snami a n\u00e1dejami. <\/em><\/p>\n<p style=\"font-weight: 400;\"><strong>Pozrite si video s\u00a0autorkou Janou Pronskou:<\/strong><\/p>\n\n\n<figure class=\"wp-block-embed is-type-video is-provider-youtube wp-block-embed-youtube wp-embed-aspect-16-9 wp-has-aspect-ratio\"><div class=\"wp-block-embed__wrapper\">\n<iframe loading=\"lazy\" title=\"Jana Pronsk\u00e1 o svojom pr\u00edbehu S\u00faboj s l\u00e1skou\" width=\"1080\" height=\"608\" src=\"https:\/\/www.youtube.com\/embed\/QlVBdzkM7F0?feature=oembed\" frameborder=\"0\" allow=\"accelerometer; autoplay; clipboard-write; encrypted-media; gyroscope; picture-in-picture; web-share\" allowfullscreen><\/iframe>\n<\/div><\/figure>\n\n\n<p style=\"font-weight: 400;\"><em>\u201eIn\u0161pir\u00e1ciou mi nebola len poves\u0165 o\u00a0kr\u00e1snej Hedvige, ktor\u00e1 kedysi d\u00e1vno vznikla. E\u0161te v\u00e4\u010d\u0161ou in\u0161pir\u00e1ciou bol pre m\u0148a sarkof\u00e1g, hrob Rafaela Podmanick\u00e9ho, ktor\u00fd sa nach\u00e1dza v\u00a0kostole v\u00a0Pova\u017eskej Bystrici. Dala mu ho urobi\u0165 jeho man\u017eelka a\u00a0je na \u0148om n\u00e1pis v\u00a0starej sloven\u010dine, \u010di\u017ee je to ve\u013emi nezvy\u010dajn\u00e9,\u201c<\/em> pribli\u017euje Janka.<\/p>\n<p style=\"font-weight: 400;\">Janke sa ve\u013emi p\u00e1\u010di aj ob\u00e1lka knihy <strong><u><a href=\"https:\/\/www.bux.sk\/knihy\/746997-suboj-s-laskou.html\">S\u00faboj s l\u00e1skou<\/a><\/u><\/strong> \u2013 p\u00f4vodne boli pre tento pr\u00edbeh \u0161tyri verzie, v\u0161etky sa jej zdali vhodn\u00e9, pekn\u00e9, ale t\u00e1to kone\u010dn\u00e1 je dokonal\u00e1. <em>\u201eKr\u00e1sne vystihuje cel\u00fd pr\u00edbeh, pointu, aj postavy, najm\u00e4 Janu z\u00a0Lomnice. Akoby vyst\u00fapila z\u00a0 deja a\u00a0zhmotnila sa na ob\u00e1lke.\u201c<\/em><\/p>\n<p style=\"font-weight: 400;\"><em>Milan Buno, kni\u017en\u00fd publicista<\/em><\/p>","protected":false},"excerpt":{"rendered":"<p>Op\u00e4\u0165 ve\u013emi p\u00fatav\u00fd, dobre premyslen\u00fd pr\u00edbeh in\u0161pirovan\u00fd legendou o l\u00fape\u017en\u00fdch rytieroch, bratoch Podmanick\u00fdch, ktor\u00ed skuto\u010dne existovali. Prv\u00e1 d\u00e1ma slovenskej historickej romance Jana Pronsk\u00e1 v\u00e1s v\u00a0najnov\u0161om rom\u00e1ne s n\u00e1zvom S\u00faboj s l\u00e1skou zavedie na tajomn\u00fd, poves\u0165ami opraden\u00fd hrad Bystrica. Odohr\u00e1 sa tam nezabudnute\u013en\u00fd pr\u00edbeh o l\u00e1ske, zrade a pomste. Bratia Rafael a J\u00e1n Podmanick\u00ed z Bystrice, mocn\u00ed ve\u013emo\u017ei a l\u00fape\u017en\u00ed rytieri, ovl\u00e1daj\u00fa cel\u00e9 Pova\u017eie a trasie sa pred nimi i \u0161\u013eachta na Morave a v Sliezsku. S\u00fa nielen ne\u013e\u00fatostn\u00ed bojovn\u00edci, ale aj obratn\u00ed diplomati a v\u0161etky \u00fatoky proti nim sa kon\u010dia ich v\u00ed\u0165azstvom. Pr\u00edbuzensk\u00e9 zv\u00e4zky s predstavite\u013emi cirkvi a v\u00fdznamn\u00fdmi \u0161\u013eachtick\u00fdmi rodmi im otv\u00e1raj\u00fa v\u0161etky dvere a z\u00e1rove\u0148 ich chr\u00e1nia pred pomstou t\u00fdch, ktor\u00fdm siahli na majetky. Pri jednom z l\u00fape\u017en\u00fdch prepadov Rafael zajme kr\u00e1snu po\u013esk\u00fa \u0161\u013eachti\u010dn\u00fa Hedvigu, ktor\u00e1 ho o\u010dar\u00ed tak ve\u013emi, \u017ee jej pon\u00fakne man\u017eelstvo. V Bystrici v\u0161ak \u017eije Janika, dc\u00e9ra p\u00e1na z Lomnice, ktor\u00fa vychovali drsn\u00ed \u017eoldnieri z Rafaelovej dru\u017einy. Odjak\u017eiva sa zo v\u0161etk\u00fdch s\u00edl usilovala z\u00edska\u0165 uznanie bratov Podmanick\u00fdch, navy\u0161e v srdci cel\u00e9 roky skr\u00fdvala l\u00e1sku, ktor\u00fa nesmela nikomu uk\u00e1za\u0165. Ke\u010f sa jej kone\u010dne podar\u00ed uspie\u0165 medzi bojom o\u0161\u013eahan\u00fdmi mu\u017emi, na hrade sa zjav\u00ed o\u010daruj\u00faca zajatky\u0148a a Janika si mus\u00ed vybra\u0165: bu\u010f zabojuje o Rafaelovo srdce, alebo [&hellip;]<\/p>\n","protected":false},"author":1,"featured_media":3781,"comment_status":"closed","ping_status":"closed","sticky":false,"template":"single-sidebar.php","format":"standard","meta":{"footnotes":""},"categories":[14],"tags":[30,29,31,21],"class_list":["post-3779","post","type-post","status-publish","format-standard","has-post-thumbnail","hentry","category-novinky","tag-recenzia","tag-relax","tag-tip","tag-zdravie"],"aioseo_notices":[],"_links":{"self":[{"href":"https:\/\/www.magickazena.sk\/magazin\/wp-json\/wp\/v2\/posts\/3779","targetHints":{"allow":["GET"]}}],"collection":[{"href":"https:\/\/www.magickazena.sk\/magazin\/wp-json\/wp\/v2\/posts"}],"about":[{"href":"https:\/\/www.magickazena.sk\/magazin\/wp-json\/wp\/v2\/types\/post"}],"author":[{"embeddable":true,"href":"https:\/\/www.magickazena.sk\/magazin\/wp-json\/wp\/v2\/users\/1"}],"replies":[{"embeddable":true,"href":"https:\/\/www.magickazena.sk\/magazin\/wp-json\/wp\/v2\/comments?post=3779"}],"version-history":[{"count":1,"href":"https:\/\/www.magickazena.sk\/magazin\/wp-json\/wp\/v2\/posts\/3779\/revisions"}],"predecessor-version":[{"id":3782,"href":"https:\/\/www.magickazena.sk\/magazin\/wp-json\/wp\/v2\/posts\/3779\/revisions\/3782"}],"wp:featuredmedia":[{"embeddable":true,"href":"https:\/\/www.magickazena.sk\/magazin\/wp-json\/wp\/v2\/media\/3781"}],"wp:attachment":[{"href":"https:\/\/www.magickazena.sk\/magazin\/wp-json\/wp\/v2\/media?parent=3779"}],"wp:term":[{"taxonomy":"category","embeddable":true,"href":"https:\/\/www.magickazena.sk\/magazin\/wp-json\/wp\/v2\/categories?post=3779"},{"taxonomy":"post_tag","embeddable":true,"href":"https:\/\/www.magickazena.sk\/magazin\/wp-json\/wp\/v2\/tags?post=3779"}],"curies":[{"name":"wp","href":"https:\/\/api.w.org\/{rel}","templated":true}]}}