{"id":3794,"date":"2023-12-07T13:07:48","date_gmt":"2023-12-07T12:07:48","guid":{"rendered":"https:\/\/www.magickazena.sk\/magazin\/?p=3794"},"modified":"2023-12-07T13:07:49","modified_gmt":"2023-12-07T12:07:49","slug":"katarina-gillerova-a-jej-novy-roman-ako-vietor","status":"publish","type":"post","link":"https:\/\/www.magickazena.sk\/magazin\/2023\/12\/07\/katarina-gillerova-a-jej-novy-roman-ako-vietor\/","title":{"rendered":"Katar\u00edna Gillerov\u00e1 a\u00a0jej nov\u00fd rom\u00e1n Ako vietor"},"content":{"rendered":"\n<div class=\"wp-block-image\"><figure class=\"aligncenter size-full is-resized\"><img loading=\"lazy\" decoding=\"async\" src=\"https:\/\/www.magickazena.sk\/magazin\/wp-content\/uploads\/2023\/12\/Ako-vietor.jpg\" alt=\"\" class=\"wp-image-3795\" width=\"436\" height=\"695\" srcset=\"https:\/\/www.magickazena.sk\/magazin\/wp-content\/uploads\/2023\/12\/Ako-vietor.jpg 618w, https:\/\/www.magickazena.sk\/magazin\/wp-content\/uploads\/2023\/12\/Ako-vietor-188x300.jpg 188w\" sizes=\"auto, (max-width: 436px) 100vw, 436px\" \/><\/figure><\/div>\n\n\n<p style=\"font-weight: 400;\">Katar\u00edna Gillerov\u00e1 je ob\u013e\u00faben\u00e1 slovensk\u00e1 autorka, ktor\u00e1 m\u00e1 na svojom konte u\u017e 23 kn\u00edh. Jej najnov\u0161\u00ed rom\u00e1n <strong><u><a href=\"https:\/\/www.bux.sk\/knihy\/746995-ako-vietor.html\">Ako vietor<\/a><\/u><\/strong>op\u00e4\u0165 pon\u00faka p\u00fatav\u00fd dej s prekvapuj\u00facimi zvratmi a t\u00e9my, ktor\u00e9 chytia za srdce ka\u017ed\u00fa \u017eenu.<\/p>\n<p style=\"font-weight: 400;\">\u017divot je ako vietor, nikto z n\u00e1s nevie, kam ho zaveje. <br \/>Netu\u0161ia to ani priate\u013eky Mel\u00e1nia a Aneta, a\u017e k\u00fdm ich dlhoro\u010dn\u00e9 priate\u013estvo nenaru\u0161\u00ed rozdielnos\u0165 pov\u00e1h ich det\u00ed. <br \/>Kr\u00e1snu Anetu osud ne\u0161etr\u00ed, ani jedno z jej dvoch man\u017eelstiev nevydr\u017e\u00ed. <br \/>Mel\u00e1nia je s\u00edce \u0161\u0165astne vydat\u00e1, no jej man\u017eel \u010dasto odch\u00e1dza kv\u00f4li pr\u00e1ci na cel\u00e9 mesiace z domu a starostlivos\u0165 o tri deti preto ost\u00e1va na nej. Priate\u013eky si obetavo pom\u00e1haj\u00fa, ich deti v\u0161ak dospievaj\u00fa, prich\u00e1dzaj\u00fa \u010doraz v\u00e4\u010d\u0161ie probl\u00e9my. Dlhoro\u010dn\u00e9 priate\u013estvo sa rozpad\u00e1.<\/p>\n<p style=\"font-weight: 400;\">Mel\u00e1niina dc\u00e9ra Lujza sa ho sna\u017e\u00ed zachr\u00e1ni\u0165, no zis\u0165uje, \u017ee to nie je tak\u00e9 jednoduch\u00e9. Navy\u0161e sa spolu s priate\u013ekou Ivonou na vlastnej ko\u017ei presved\u010d\u00ed, \u017ee nie v\u017edy je v na\u0161ich sil\u00e1ch n\u00e1js\u0165 prav\u00fa l\u00e1sku a udr\u017ea\u0165 si ju. Ke\u010f Aneta ochorie, z jej bytu zmizne obraz, na ktorom ju umelec zobrazil pred rokmi nah\u00fa. Mohol by by\u0165 tento obraz d\u00f4vodom zlyhania Anetin\u00fdch man\u017eelstiev, alebo p\u00e1tranie po jeho autorovi privedie Lujzu k niekomu in\u00e9mu?<\/p>\n<p style=\"font-weight: 400;\"><strong>Vypo\u010dujte si \u00faryvok.<br \/>Z knihy \u010d\u00edta Lucia Vr\u00e1blicov\u00e1:<\/strong><\/p>\n\n\n<figure class=\"wp-block-embed is-type-rich is-provider-soundcloud wp-block-embed-soundcloud\"><div class=\"wp-block-embed__wrapper\">\n<iframe loading=\"lazy\" title=\"\u010c\u00edtanie z knihy AKO VIETOR (Katar\u00edna Gillerov\u00e1) by Knihy, ktor\u00fdmi \u017eijete\" width=\"1080\" height=\"400\" scrolling=\"no\" frameborder=\"no\" src=\"https:\/\/w.soundcloud.com\/player\/?visual=true&#038;url=https%3A%2F%2Fapi.soundcloud.com%2Ftracks%2F1682833377&#038;show_artwork=true&#038;maxheight=1000&#038;maxwidth=1080\"><\/iframe> \n<\/div><\/figure>\n\n\n<p style=\"font-weight: 400;\"><strong><u><a href=\"https:\/\/www.bux.sk\/knihy\/746995-ako-vietor.html\">Ako vietor<\/a><\/u><\/strong> je pr\u00edbeh dvoch gener\u00e1ci\u00ed, v\u00a0ktorom sa autorka in\u0161pirovala skuto\u010dnou osobou a\u00a0jej ne\u013eahk\u00fdm osudom. Hoci Aneta je pomerne atrakt\u00edvna, ani jedno z\u00a0jej man\u017eelstiev nedopadlo dobre, najm\u00e4 druh\u00e9 skon\u010dilo priam katastrofou. <em>\u201eTo, \u010do sa v\u00a0\u0148om dialo, nie je moja fant\u00e1zia ako autorky, ale skuto\u010dn\u00fd pr\u00edbeh. Odchod od man\u017eela a\u00a0osamostatnenie sa s\u00a0mal\u00fdm synom prinieslo Anete ve\u013ek\u00fa \u00fa\u013eavu,\u201c <\/em>hovor\u00ed Katar\u00edna Gillerov\u00e1.<\/p>\n<p style=\"font-weight: 400;\">Navy\u0161e \u2013 ako to m\u00e1 Katka rada \u2013 vnesie do pr\u00edbehu aj <strong>prvok tajomna<\/strong>: t\u00fdm je zmiznut\u00fd obraz z\u00a0bytu Anety, ktor\u00e1 ochorela a\u00a0musela \u00eds\u0165 do nemocnice. V\u00a0mladosti ju umelec nama\u013eoval nah\u00fa a\u00a0ona dodnes nikdy nikomu neprezradila, kto je t\u00fdm umelcom. Lujza za\u010dne p\u00e1tra\u0165 a\u00a0p\u00fdta\u0165 sa, \u010di ten obraz nie je n\u00e1hodou k\u013e\u00fa\u010dom k\u00a0tajomstvu Anetin\u00fdch man\u017eelstiev.<\/p>\n<p style=\"font-weight: 400;\"><em>\u201e\u017diadny mu\u017e \u0165a neurob\u00ed \u0161\u0165astnou,\u201c hovorievala teta Aneta. \u201eSvoje \u0161\u0165astie mus\u00ed\u0161 h\u013eada\u0165 v sebe, mu\u017e je iba doplnkom tvojej osobnosti.\u201c<br \/>Mala v sebe m\u00fadros\u0165 vlastn\u00fdch sk\u00fasenost\u00ed, ale ani ona sa nedok\u00e1zala vyhn\u00fa\u0165 \u017eivotn\u00fdm katastrof\u00e1m&#8230;<\/em><\/p>\n<p style=\"font-weight: 400;\"><em>Milan Buno, kni\u017en\u00fd publicista<\/em><\/p>\n<p style=\"font-weight: 400;\">\u00a0<\/p>\n<p style=\"font-weight: 400;\">Ako vietor: <a href=\"https:\/\/www.bux.sk\/knihy\/746995-ako-vietor.html\">https:\/\/www.bux.sk\/knihy\/746995-ako-vietor.html<\/a><br \/>Audio: <a href=\"https:\/\/soundcloud.com\/buxsk\/citanie-z-knihy-ako-vietor-katarina-gillerova\">https:\/\/soundcloud.com\/buxsk\/citanie-z-knihy-ako-vietor-katarina-gillerova<\/a><\/p>\n<p style=\"font-weight: 400;\">\u00a0<\/p>\n<p style=\"font-weight: 400;\">\u00a0<\/p>","protected":false},"excerpt":{"rendered":"<p>Katar\u00edna Gillerov\u00e1 je ob\u013e\u00faben\u00e1 slovensk\u00e1 autorka, ktor\u00e1 m\u00e1 na svojom konte u\u017e 23 kn\u00edh. Jej najnov\u0161\u00ed rom\u00e1n Ako vietorop\u00e4\u0165 pon\u00faka p\u00fatav\u00fd dej s prekvapuj\u00facimi zvratmi a t\u00e9my, ktor\u00e9 chytia za srdce ka\u017ed\u00fa \u017eenu. \u017divot je ako vietor, nikto z n\u00e1s nevie, kam ho zaveje. Netu\u0161ia to ani priate\u013eky Mel\u00e1nia a Aneta, a\u017e k\u00fdm ich dlhoro\u010dn\u00e9 priate\u013estvo nenaru\u0161\u00ed rozdielnos\u0165 pov\u00e1h ich det\u00ed. Kr\u00e1snu Anetu osud ne\u0161etr\u00ed, ani jedno z jej dvoch man\u017eelstiev nevydr\u017e\u00ed. Mel\u00e1nia je s\u00edce \u0161\u0165astne vydat\u00e1, no jej man\u017eel \u010dasto odch\u00e1dza kv\u00f4li pr\u00e1ci na cel\u00e9 mesiace z domu a starostlivos\u0165 o tri deti preto ost\u00e1va na nej. Priate\u013eky si obetavo pom\u00e1haj\u00fa, ich deti v\u0161ak dospievaj\u00fa, prich\u00e1dzaj\u00fa \u010doraz v\u00e4\u010d\u0161ie probl\u00e9my. Dlhoro\u010dn\u00e9 priate\u013estvo sa rozpad\u00e1. Mel\u00e1niina dc\u00e9ra Lujza sa ho sna\u017e\u00ed zachr\u00e1ni\u0165, no zis\u0165uje, \u017ee to nie je tak\u00e9 jednoduch\u00e9. Navy\u0161e sa spolu s priate\u013ekou Ivonou na vlastnej ko\u017ei presved\u010d\u00ed, \u017ee nie v\u017edy je v na\u0161ich sil\u00e1ch n\u00e1js\u0165 prav\u00fa l\u00e1sku a udr\u017ea\u0165 si ju. Ke\u010f Aneta ochorie, z jej bytu zmizne obraz, na ktorom ju umelec zobrazil pred rokmi nah\u00fa. Mohol by by\u0165 tento obraz d\u00f4vodom zlyhania Anetin\u00fdch man\u017eelstiev, alebo p\u00e1tranie po jeho autorovi privedie Lujzu k niekomu in\u00e9mu? Vypo\u010dujte si \u00faryvok.Z knihy \u010d\u00edta Lucia Vr\u00e1blicov\u00e1: Ako vietor je pr\u00edbeh dvoch [&hellip;]<\/p>\n","protected":false},"author":1,"featured_media":3796,"comment_status":"closed","ping_status":"closed","sticky":false,"template":"single-sidebar.php","format":"standard","meta":{"footnotes":""},"categories":[14],"tags":[30,31,37],"class_list":["post-3794","post","type-post","status-publish","format-standard","has-post-thumbnail","hentry","category-novinky","tag-recenzia","tag-tip","tag-zena"],"aioseo_notices":[],"_links":{"self":[{"href":"https:\/\/www.magickazena.sk\/magazin\/wp-json\/wp\/v2\/posts\/3794","targetHints":{"allow":["GET"]}}],"collection":[{"href":"https:\/\/www.magickazena.sk\/magazin\/wp-json\/wp\/v2\/posts"}],"about":[{"href":"https:\/\/www.magickazena.sk\/magazin\/wp-json\/wp\/v2\/types\/post"}],"author":[{"embeddable":true,"href":"https:\/\/www.magickazena.sk\/magazin\/wp-json\/wp\/v2\/users\/1"}],"replies":[{"embeddable":true,"href":"https:\/\/www.magickazena.sk\/magazin\/wp-json\/wp\/v2\/comments?post=3794"}],"version-history":[{"count":1,"href":"https:\/\/www.magickazena.sk\/magazin\/wp-json\/wp\/v2\/posts\/3794\/revisions"}],"predecessor-version":[{"id":3797,"href":"https:\/\/www.magickazena.sk\/magazin\/wp-json\/wp\/v2\/posts\/3794\/revisions\/3797"}],"wp:featuredmedia":[{"embeddable":true,"href":"https:\/\/www.magickazena.sk\/magazin\/wp-json\/wp\/v2\/media\/3796"}],"wp:attachment":[{"href":"https:\/\/www.magickazena.sk\/magazin\/wp-json\/wp\/v2\/media?parent=3794"}],"wp:term":[{"taxonomy":"category","embeddable":true,"href":"https:\/\/www.magickazena.sk\/magazin\/wp-json\/wp\/v2\/categories?post=3794"},{"taxonomy":"post_tag","embeddable":true,"href":"https:\/\/www.magickazena.sk\/magazin\/wp-json\/wp\/v2\/tags?post=3794"}],"curies":[{"name":"wp","href":"https:\/\/api.w.org\/{rel}","templated":true}]}}