{"id":3952,"date":"2024-03-19T13:49:32","date_gmt":"2024-03-19T12:49:32","guid":{"rendered":"https:\/\/www.magickazena.sk\/magazin\/?p=3952"},"modified":"2024-03-19T13:49:54","modified_gmt":"2024-03-19T12:49:54","slug":"3952","status":"publish","type":"post","link":"https:\/\/www.magickazena.sk\/magazin\/2024\/03\/19\/3952\/","title":{"rendered":"Ko\u0161ick\u00e1 katedr\u00e1la v\u00a0n\u00e1dhernej exkluz\u00edvnej kni\u017enej podobe"},"content":{"rendered":"<p style=\"font-weight: 400;\">Vychutnajte si unik\u00e1tnu prehliadku gotickej metropolitnej katedr\u00e1ly. Zauj\u00edmav\u00e9 texty a\u00a0\u00fa\u017easn\u00e9 fotografie, ktor\u00e9 v\u00e1m ju uk\u00e1\u017eu tak, ako by ste si ju nemohli pozrie\u0165 ani na\u017eivo. <br \/><strong><u><a href=\"https:\/\/www.luxusnakniznica.sk\/dom-sv-alzbety\">D\u00f3m sv\u00e4tej Al\u017ebety<\/a><\/u><\/strong> je n\u00e1dherne graficky spracovan\u00e1 kniha o najv\u00e4\u010d\u0161om kostole na Slovensku, ktor\u00fd stoj\u00ed na mieste, kde sa udial eucharistick\u00fd z\u00e1zrak. Kniha v\u00e1s prevedie d\u00f3mom, jeho dejinami, vz\u00e1cnymi pamiatkami, obrazmi a kontextmi v detailoch, celkoch aj v presahoch.<\/p>\n<p style=\"font-weight: 400;\"><strong>D\u00f3m sv\u00e4tej Al\u017ebety<\/strong><\/p>\n<p style=\"font-weight: 400;\">O exkluzivitu sa postaral najm\u00e4 svetovo uzn\u00e1van\u00fd fotograf Jan Wiliam Drnek, ktor\u00fd historick\u00e9 re\u00e1lie dok\u00e1zal spracova\u0165 na vysokej umeleckej i odbornej \u00farovni. Jeho objekt\u00edv osobit\u00fdm poh\u013eadom nazer\u00e1 do detailov kr\u00e1s ko\u0161ick\u00e9ho klenotu. Katedr\u00e1lu fotil priebe\u017ene po\u010das troch rokov a\u00a0napr\u00edklad jedna fotografia v\u00a0knihe sa sklad\u00e1 aj z\u00a0300 sn\u00edmok.<\/p>\n<p style=\"font-weight: 400;\">Pou\u017eit\u00edm \u0161peci\u00e1lnej techniky a najnov\u0161\u00edch technol\u00f3gi\u00ed zhotovil unik\u00e1tne sn\u00edmky, pri ktor\u00fdch budete ma\u0165 pocit, \u017ee sa pozer\u00e1te na skuto\u010dn\u00fd trojrozmern\u00fd objekt. Amb\u00edciou fotografi\u00ed nie je umeleck\u00fdm sp\u00f4sobom interpretova\u0165 pamiatku. Naopak, pod\u00e1vaj\u00fa ju v technicky prec\u00edznych z\u00e1beroch, ktor\u00e9 sprostredk\u00favaj\u00fa realitu vern\u00fa poh\u013eadu \u013eudsk\u00e9ho oka. Niektor\u00e9 detaily uvid\u00edte na fotografi\u00e1ch dokonca lep\u0161ie ne\u017e vo\u013en\u00fdm zrakom priamo v katedr\u00e1le.<\/p>\n<p style=\"font-weight: 400;\">Tvorbu textov vynikaj\u00faco zvl\u00e1dla histori\u010dka V\u00fdchodoslovenskej gal\u00e9rie v Ko\u0161iciach Mgr. Katar\u00edna N\u00e1dask\u00e1, PhD. <em>\u201eKo\u0161ick\u00e1 katedr\u00e1la patr\u00ed k najv\u00fdznamnej\u0161\u00edm zachovan\u00fdm stavb\u00e1m v celej strednej Eur\u00f3pe,<\/em>\u201c tvrd\u00ed.<\/p>\n<p style=\"font-weight: 400;\"><strong>Tri verzie publik\u00e1cie<\/strong><\/p>\n<p style=\"font-weight: 400;\">D\u00f3m sv\u00e4tej Al\u017ebety vych\u00e1dza v r\u00e1mci Luxusnej kni\u017enice v dvoch limitovan\u00fdch prevedeniach + tzv. trejdov\u00e1, \u010di\u017ee klasick\u00e1 kniha, ktor\u00fa n\u00e1jdete vo v\u0161etk\u00fdch kn\u00edhkupectv\u00e1ch.<\/p>\n<ol>\n<li style=\"font-weight: 400;\"><strong> <u><a href=\"https:\/\/www.luxusnakniznica.sk\/dom-sv-alzbety\/luxusna-verzia\">D\u00f3m sv\u00e4tej Al\u017ebety v\u00a0najluxusnej\u0161ej verzii<\/a><\/u><\/strong> a\u00a0v\u00a0limitovanom n\u00e1klade len 111 v\u00fdtla\u010dkov. Je ru\u010dne viazan\u00e1 v\u00a0hov\u00e4dzej \u0161tepanej ko\u017ei so zlatou razbou v\u00a0kn\u00edhviaza\u010dskej dielni Richarda Mayera v\u00a0nemeckom Esslingene. M\u00e1 zlat\u00fa oriezku, ka\u017ed\u00fd v\u00fdtla\u010dok je ru\u010dne \u010d\u00edslovan\u00fd kaligrafom a je v\u00a0okrasnom puzdre. <br \/>Ku knihe dostanete dar\u010dek \u2013 otv\u00e1racie retabulum, tie\u017e certifik\u00e1t originality a\u00a0biele rukavice.<\/li>\n<li style=\"font-weight: 400;\"><strong> <u><a href=\"https:\/\/www.luxusnakniznica.sk\/dom-sv-alzbety\/klasicka-verzia\">D\u00f3m sv\u00e4tej Al\u017ebety<\/a><\/u><\/strong> \u2013 v\u00a0rovnakej ve\u013ekosti ako je luxusn\u00e1 verzia. Vy\u0161la v\u00a0limitovanom n\u00e1klade 909 o\u010d\u00edslovan\u00fdch v\u00fdtla\u010dkov na oriezke. 6-farebnou tla\u010dou ju vytla\u010dili Tla\u010diarne Bansk\u00e1 Bystrica, na ob\u00e1lke je razba zlatou f\u00f3liou. Ku knihe je dar\u010dek v\u00a0podobe 20-eurov\u00e9ho voucheru na n\u00e1kup na str\u00e1nke <a href=\"http:\/\/www.luxusnakniznica.sk\/\">www.LuxusnaKniznica.sk<\/a>.<\/li>\n<li style=\"font-weight: 400;\"><strong> <u><a href=\"https:\/\/www.bux.sk\/knihy\/754575-dom-svatej-alzbety-zmensena-verzia.html\">D\u00f3m sv\u00e4tej Al\u017ebety v\u00a0zmen\u0161enej verzii<\/a><\/u><\/strong> \u2013 n\u00e1jdete ju na v\u0161etk\u00fdch internetov\u00fdch kn\u00edhkupectv\u00e1ch, aj v\u00a0klasick\u00fdch kamenn\u00fdch kn\u00edhkupectv\u00e1ch. Je to klasick\u00e1 kniha v\u00a0men\u0161om form\u00e1te ako dve predo\u0161l\u00e9. Bez dar\u010dekov, \u010di exkluz\u00edvneho vydavate\u013esk\u00e9ho prevedenia. Obsah aj fotografie v\u0161ak zost\u00e1vaj\u00fa rovnak\u00e9.<\/li>\n<\/ol>\n<p style=\"font-weight: 400;\"><strong>Zalistujte si v\u00a0tejto exkluz\u00edvnej knihe:<\/strong><\/p>\n<p style=\"font-weight: 400;\">\u00a0<\/p>\n\n\n<figure class=\"wp-block-embed is-type-video is-provider-youtube wp-block-embed-youtube wp-embed-aspect-16-9 wp-has-aspect-ratio\"><div class=\"wp-block-embed__wrapper\">\n<iframe loading=\"lazy\" title=\"V\u00fdpravn\u00e1 publik\u00e1cia D\u00f3m sv\u00e4tej Al\u017ebety\" width=\"1080\" height=\"608\" src=\"https:\/\/www.youtube.com\/embed\/ZYCX4RA5JUE?feature=oembed\" frameborder=\"0\" allow=\"accelerometer; autoplay; clipboard-write; encrypted-media; gyroscope; picture-in-picture; web-share\" allowfullscreen><\/iframe>\n<\/div><\/figure>\n\n\n<p style=\"font-weight: 400;\"><strong>Uvedenie do \u017eivota<\/strong><\/p>\n<p style=\"font-weight: 400;\">Na sl\u00e1vnostnej prezent\u00e1cii publik\u00e1cie D\u00f3m sv\u00e4tej Al\u017ebety sa z\u00fa\u010dastnili nielen samotn\u00ed autori, ale i predstavitelia mesta Ko\u0161ice, predstaven\u00ed R\u00edmskokatol\u00edckej cirkvi v Ko\u0161iciach a mnoh\u00e9 v\u00fdznamn\u00e9 osobnosti. Knihu prezentovali du\u0161a Luxusnej kni\u017enice Gabriela Belopotock\u00e1 a gener\u00e1lny riadite\u013e vydavate\u013estva Ikar Marek N\u00e9ma, ktor\u00fd tvrd\u00ed: <em>\u201eTak\u00e9to publik\u00e1cie s\u00fa v\u017edy n\u00e1ro\u010dn\u00e9 na pr\u00edpravu, na realiz\u00e1ciu. Sna\u017eili sme sa zachova\u0165 punc jednak edukat\u00edvnosti publik\u00e1cie, ale nechceli sme, aby bola t\u00e1 kniha a\u017e pr\u00edli\u0161 encyklopedick\u00e1. Aby bola naozaj p\u00fatav\u00e1 a zauj\u00edmav\u00e1.\u201c<\/em><\/p>\n<p style=\"font-weight: 400;\">Knihu uviedli do \u017eivota prostredn\u00edctvom modlitby Mons. Bernard Bober, ko\u0161ick\u00fd arcibiskup- -metropolita, ako aj Mons. Allan Tom\u00e1\u0161, dekan D\u00f3mu sv\u00e4tej Al\u017ebety. <br>Podujat\u00edm sprev\u00e1dzal kur\u00e1tor D\u00f3mu sv\u00e4tej Al\u017ebety Tom\u00e1\u0161 Harbu\u013e\u00e1k. <br>O hudobn\u00fd vstup sa postaral opern\u00fd spev\u00e1k Titusz T\u00f3bisz.<\/p>\n<p style=\"font-weight: 400;\"><strong>Exkluz\u00edvne spracovanie knihy<\/strong><\/p>\n<p style=\"font-weight: 400;\">Kni\u017en\u00fd komplet obsahuje: exkluz\u00edvnu obrazov\u00fa publik\u00e1ciu ru\u010dne viazan\u00fa v ko\u017ei, 304 str\u00e1n, rozmer 26 \u00d7 37,5 cm, okrasn\u00e9 puzdro so zlatou razbou, otv\u00e1racie retabulum ako dar\u010dek, certifik\u00e1t originality a biele rukavice. Jedine\u010dn\u00ed fotografie s\u00fa tla\u010den\u00e9 \u0161es\u0165farebnou tla\u010dou (hexachr\u00f3m). Publik\u00e1cia je ru\u010dne viazan\u00e1 v hov\u00e4dzej \u0161tiepanej ko\u017ei so zlatou razbou a oriezkou. Ka\u017ed\u00fd v\u00fdtla\u010dok je ru\u010dne \u010d\u00edslovan\u00fd kaligrafom.<\/p>\n<p style=\"font-weight: 400;\"><em>Milan Buno, kni\u017en\u00fd publicista<\/em><\/p>","protected":false},"excerpt":{"rendered":"<p>Vychutnajte si unik\u00e1tnu prehliadku gotickej metropolitnej katedr\u00e1ly. Zauj\u00edmav\u00e9 texty a\u00a0\u00fa\u017easn\u00e9 fotografie, ktor\u00e9 v\u00e1m ju uk\u00e1\u017eu tak, ako by ste si ju nemohli pozrie\u0165 ani na\u017eivo. D\u00f3m sv\u00e4tej Al\u017ebety je n\u00e1dherne graficky spracovan\u00e1 kniha o najv\u00e4\u010d\u0161om kostole na Slovensku, ktor\u00fd stoj\u00ed na mieste, kde sa udial eucharistick\u00fd z\u00e1zrak. Kniha v\u00e1s prevedie d\u00f3mom, jeho dejinami, vz\u00e1cnymi pamiatkami, obrazmi a kontextmi v detailoch, celkoch aj v presahoch. D\u00f3m sv\u00e4tej Al\u017ebety O exkluzivitu sa postaral najm\u00e4 svetovo uzn\u00e1van\u00fd fotograf Jan Wiliam Drnek, ktor\u00fd historick\u00e9 re\u00e1lie dok\u00e1zal spracova\u0165 na vysokej umeleckej i odbornej \u00farovni. Jeho objekt\u00edv osobit\u00fdm poh\u013eadom nazer\u00e1 do detailov kr\u00e1s ko\u0161ick\u00e9ho klenotu. Katedr\u00e1lu fotil priebe\u017ene po\u010das troch rokov a\u00a0napr\u00edklad jedna fotografia v\u00a0knihe sa sklad\u00e1 aj z\u00a0300 sn\u00edmok. Pou\u017eit\u00edm \u0161peci\u00e1lnej techniky a najnov\u0161\u00edch technol\u00f3gi\u00ed zhotovil unik\u00e1tne sn\u00edmky, pri ktor\u00fdch budete ma\u0165 pocit, \u017ee sa pozer\u00e1te na skuto\u010dn\u00fd trojrozmern\u00fd objekt. Amb\u00edciou fotografi\u00ed nie je umeleck\u00fdm sp\u00f4sobom interpretova\u0165 pamiatku. Naopak, pod\u00e1vaj\u00fa ju v technicky prec\u00edznych z\u00e1beroch, ktor\u00e9 sprostredk\u00favaj\u00fa realitu vern\u00fa poh\u013eadu \u013eudsk\u00e9ho oka. Niektor\u00e9 detaily uvid\u00edte na fotografi\u00e1ch dokonca lep\u0161ie ne\u017e vo\u013en\u00fdm zrakom priamo v katedr\u00e1le. Tvorbu textov vynikaj\u00faco zvl\u00e1dla histori\u010dka V\u00fdchodoslovenskej gal\u00e9rie v Ko\u0161iciach Mgr. Katar\u00edna N\u00e1dask\u00e1, PhD. \u201eKo\u0161ick\u00e1 katedr\u00e1la patr\u00ed k najv\u00fdznamnej\u0161\u00edm zachovan\u00fdm stavb\u00e1m v celej strednej Eur\u00f3pe,\u201c tvrd\u00ed. Tri verzie publik\u00e1cie D\u00f3m sv\u00e4tej [&hellip;]<\/p>\n","protected":false},"author":1,"featured_media":3958,"comment_status":"closed","ping_status":"closed","sticky":false,"template":"single-sidebar.php","format":"gallery","meta":{"footnotes":""},"categories":[14],"tags":[30,29,31],"class_list":["post-3952","post","type-post","status-publish","format-gallery","has-post-thumbnail","hentry","category-novinky","tag-recenzia","tag-relax","tag-tip","post_format-post-format-gallery"],"aioseo_notices":[],"_links":{"self":[{"href":"https:\/\/www.magickazena.sk\/magazin\/wp-json\/wp\/v2\/posts\/3952","targetHints":{"allow":["GET"]}}],"collection":[{"href":"https:\/\/www.magickazena.sk\/magazin\/wp-json\/wp\/v2\/posts"}],"about":[{"href":"https:\/\/www.magickazena.sk\/magazin\/wp-json\/wp\/v2\/types\/post"}],"author":[{"embeddable":true,"href":"https:\/\/www.magickazena.sk\/magazin\/wp-json\/wp\/v2\/users\/1"}],"replies":[{"embeddable":true,"href":"https:\/\/www.magickazena.sk\/magazin\/wp-json\/wp\/v2\/comments?post=3952"}],"version-history":[{"count":2,"href":"https:\/\/www.magickazena.sk\/magazin\/wp-json\/wp\/v2\/posts\/3952\/revisions"}],"predecessor-version":[{"id":3960,"href":"https:\/\/www.magickazena.sk\/magazin\/wp-json\/wp\/v2\/posts\/3952\/revisions\/3960"}],"wp:featuredmedia":[{"embeddable":true,"href":"https:\/\/www.magickazena.sk\/magazin\/wp-json\/wp\/v2\/media\/3958"}],"wp:attachment":[{"href":"https:\/\/www.magickazena.sk\/magazin\/wp-json\/wp\/v2\/media?parent=3952"}],"wp:term":[{"taxonomy":"category","embeddable":true,"href":"https:\/\/www.magickazena.sk\/magazin\/wp-json\/wp\/v2\/categories?post=3952"},{"taxonomy":"post_tag","embeddable":true,"href":"https:\/\/www.magickazena.sk\/magazin\/wp-json\/wp\/v2\/tags?post=3952"}],"curies":[{"name":"wp","href":"https:\/\/api.w.org\/{rel}","templated":true}]}}