{"id":4279,"date":"2024-10-30T13:32:27","date_gmt":"2024-10-30T12:32:27","guid":{"rendered":"https:\/\/www.magickazena.sk\/magazin\/?p=4279"},"modified":"2024-10-30T13:32:27","modified_gmt":"2024-10-30T12:32:27","slug":"muz-ju-opustil-dcera-ju-zacala-nenavidiet","status":"publish","type":"post","link":"https:\/\/www.magickazena.sk\/magazin\/2024\/10\/30\/muz-ju-opustil-dcera-ju-zacala-nenavidiet\/","title":{"rendered":"Mu\u017e ju opustil, dc\u00e9ra ju za\u010dala nen\u00e1vidie\u0165&#8230;"},"content":{"rendered":"\n<figure class=\"wp-block-gallery has-nested-images columns-default is-cropped wp-block-gallery-1 is-layout-flex wp-block-gallery-is-layout-flex\">\n<figure class=\"wp-block-image size-large\"><img loading=\"lazy\" decoding=\"async\" width=\"744\" height=\"1181\" data-id=\"4282\" src=\"https:\/\/www.magickazena.sk\/magazin\/wp-content\/uploads\/2024\/10\/Daj-mi-svoj-strach.jpg\" alt=\"\" class=\"wp-image-4282\" srcset=\"https:\/\/www.magickazena.sk\/magazin\/wp-content\/uploads\/2024\/10\/Daj-mi-svoj-strach.jpg 744w, https:\/\/www.magickazena.sk\/magazin\/wp-content\/uploads\/2024\/10\/Daj-mi-svoj-strach-189x300.jpg 189w, https:\/\/www.magickazena.sk\/magazin\/wp-content\/uploads\/2024\/10\/Daj-mi-svoj-strach-645x1024.jpg 645w\" sizes=\"auto, (max-width: 744px) 100vw, 744px\" \/><\/figure>\n\n\n\n<figure class=\"wp-block-image size-large\"><img loading=\"lazy\" decoding=\"async\" width=\"1600\" height=\"1200\" data-id=\"4280\" src=\"https:\/\/www.magickazena.sk\/magazin\/wp-content\/uploads\/2024\/10\/Adriana-Daj-mi-svoj-strach.jpg\" alt=\"\" class=\"wp-image-4280\" srcset=\"https:\/\/www.magickazena.sk\/magazin\/wp-content\/uploads\/2024\/10\/Adriana-Daj-mi-svoj-strach.jpg 1600w, https:\/\/www.magickazena.sk\/magazin\/wp-content\/uploads\/2024\/10\/Adriana-Daj-mi-svoj-strach-300x225.jpg 300w, https:\/\/www.magickazena.sk\/magazin\/wp-content\/uploads\/2024\/10\/Adriana-Daj-mi-svoj-strach-1024x768.jpg 1024w, https:\/\/www.magickazena.sk\/magazin\/wp-content\/uploads\/2024\/10\/Adriana-Daj-mi-svoj-strach-768x576.jpg 768w, https:\/\/www.magickazena.sk\/magazin\/wp-content\/uploads\/2024\/10\/Adriana-Daj-mi-svoj-strach-1536x1152.jpg 1536w\" sizes=\"auto, (max-width: 1600px) 100vw, 1600px\" \/><\/figure>\n<\/figure>\n\n\n<p>Mu\u017e ju opustil, dc\u00e9ra ju za\u010dala nen\u00e1vidie\u0165&#8230;a pritom ona bola obe\u0165ou<\/p>\n<p class=\"s3\"><span class=\"s4\">V najnov\u0161om pr\u00edbehu Adriany Mach\u00e1\u010dovej <\/span><a href=\"https:\/\/www.bux.sk\/knihy\/763869-daj-mi-svoj-strach.html\"><span class=\"s5\">Daj mi svoj strach<\/span><\/a><span class=\"s4\"> sa hlavn\u00e1 hrdinka po traumatickom z\u00e1\u017eitku pohr\u00fa\u017ei do sebaobrann\u00e9ho zab\u00fadania. <\/span><span class=\"s4\"><br \/><\/span><span class=\"s4\">Monika Regentov\u00e1 \u017eije v il\u00fazii, \u017ee jej tajomstvo nikdy nevypl\u00e1va na povrch a rany osudu zahoj\u00ed \u010das. Len\u017ee \u010das je ve\u013ek\u00fd klam\u00e1r. O tom vie aj Monika svoje. <\/span><\/p>\n<p class=\"s3\"><span class=\"s6\">\u201eMami, ale hovor\u00ed sa, \u017ee \u010das zahoj\u00ed v\u0161etky rany. Chce to len \u010das.\u201c <br \/>\u201eAch, Beky,\u201c povzdychla som si. \u201e\u010cas je ve\u013ek\u00fd klam\u00e1r. O\u00a0tom viem svoje.\u201c<\/span><\/p>\n<p class=\"s3\"><span class=\"s4\">Hlavn\u00e1<\/span><span class=\"s4\"> hrdinka Monika Regentov\u00e1 <\/span><span class=\"s4\">za\u017eije v\u00a0mlad\u0161om veku naozaj traumatick\u00fa sk\u00fasenos\u0165 a\u00a0odvtedy sa sna\u017e\u00ed nemyslie\u0165 na to. Zabudn\u00fa\u0165. \u017d<\/span><span class=\"s4\">ije v il\u00fazii, \u017ee jej tajomstvo nikdy nevypl\u00e1va na povrch a rany osudu zahoj\u00ed \u010das. Len\u017ee \u010das je ve\u013ek\u00fd klam\u00e1r. O tom vie Monika <\/span><span class=\"s4\">svoje. <\/span><\/p>\n<p class=\"s3\"><span class=\"s4\">Svet sa jej zr\u00fati vo chv\u00edli, ke\u010f jej dc\u00e9ru Rebeku s vysok\u00fdmi hor\u00fa\u010dkami hospitalizuj\u00fa v nemocnici. Spomienky sa Monike zjavuj\u00fa pred o\u010dami ako zaseknut\u00e1 slu\u010dka filmu. Roky sa uchy\u013eovala ku klamstv\u00e1m, a kto raz za\u010dne klama\u0165, len \u0165a\u017eko sa z toho klbka vymot\u00e1<\/span><span class=\"s4\">. Pred genetick\u00fdm vy\u0161etren\u00edm oboch man\u017eelov Monike nezost\u00e1va ni\u010d in\u00e9, iba vyjs\u0165 s pravdou von. <\/span><span class=\"s4\"><br \/><\/span><span class=\"s4\">Mu\u017eovi ozn\u00e1mi, \u017ee nie je Rebekin biologick\u00fd otec. <\/span><\/p>\n<p class=\"s3\"><span class=\"s4\">Roman je zdrven\u00fd, v dc\u00e9ra sa videl, miloval ju. Po vyhrotenej konfront\u00e1cii \u017eenu op\u00fa\u0161\u0165a. Ned\u00e1 jej priestor, aby mu vysvetlila, \u010do sa stalo a hrubo ju obvin\u00ed z nevery. Hnan\u00fd \u017eiarlivos\u0165ou a pomstychtivos\u0165ou dc\u00e9ru strhne na svoju stranu, aby Moniku kruto potrestal. Prenajme vilu na pobre\u017e\u00ed Chorv\u00e1tska a tam sa s Rebekou ukryje. Je presved\u010den\u00fd, \u017ee urobil, \u010do treba. <\/span><\/p>\n<p class=\"s3\"><span class=\"s4\">Mo<\/span><span class=\"s4\">nika je z\u00fafal\u00e1. Rodina na \u0148u ukazuje prstom, nik nie je ochotn\u00fd jej pom\u00f4c\u0165. P\u00e1tra, h\u013ead\u00e1 man\u017eela a dozvie sa, \u017ee pracovn\u00e9 povinnosti ho don\u00fatili, aby sa na \u010das vr\u00e1til do mesta. Dostane sa na charitat\u00edvny ve\u010dierok, vie, \u017ee tam Romana stretne. Prin\u00fati ho, aby si ju vypo\u010dul. Neochotne s\u00fahlas\u00ed, hoci mal na ve\u010der in\u00e9 pl\u00e1ny. Te\u0161il sa, \u017ee noc str\u00e1vi s b\u00fdvalou milenkou Kl\u00e1rou, kt<\/span><span class=\"s4\">or\u00e1 je do\u0148ho bezn\u00e1dejne za\u013e\u00faben\u00e1. Zaslepen\u00fd vidinou na dokonal\u00fa odplatu, hr\u00f4zostra\u0161n\u00e9mu pr\u00edbehu, ktor\u00fd mu Monika vyrozpr\u00e1va, never\u00ed. <\/span><\/p>\n<p class=\"s3\"><span class=\"s4\">Nahlod\u00e1vaj\u00fa ho pochybnosti. Nemohla by\u0165 zn\u00e1silnen\u00e1, ve\u010f spokojne \u017eila norm\u00e1lnym \u017eivotom! Vymyslela by si hoci\u010do, len aby z\u00edskala dc\u00e9ru sp\u00e4\u0165. Monika je na dne. Ni\u010d jej nevy\u0161lo tak, ako si predstavovala. Nevie, \u010do robi\u0165. \u010co bude \u010falej? Dok\u00e1\u017ee sa znova postavi\u0165 na nohy?<\/span><\/p>\n<p class=\"s3\"><span class=\"s6\">\u201eTakto nehovor!\u201c zahriakla ma mama. \u201eMus\u00ed\u0161 bojova\u0165. Za seba aj za v\u00e1\u0161 \u017eivot s\u00a0Romanom. \u010co mysl\u00ed\u0161, \u017ee v\u00a0tvojich o\u010diach nevid\u00edm volanie po l\u00e1ske?! Nie som slep\u00e1! Stala sa ti hrozn\u00e1 vec, ale teraz kope\u0161 ty a ubli\u017euje\u0161 v\u0161etk\u00fdm nav\u00f4kol.<\/span><\/p>\n<p class=\"s8\"><strong><span class=\"s7\">Pozrite si v<\/span><span class=\"s7\">ideo s\u00a0Adrianou Mach\u00e1\u010dovou:<\/span><\/strong><\/p>\n\n\n<figure class=\"wp-block-embed is-type-video is-provider-youtube wp-block-embed-youtube wp-embed-aspect-16-9 wp-has-aspect-ratio\"><div class=\"wp-block-embed__wrapper\">\n<iframe loading=\"lazy\" title=\"Daj mi svoj strach | Adriana Mach\u00e1\u010dov\u00e1\" width=\"1080\" height=\"608\" src=\"https:\/\/www.youtube.com\/embed\/9swHQfCE44k?feature=oembed\" frameborder=\"0\" allow=\"accelerometer; autoplay; clipboard-write; encrypted-media; gyroscope; picture-in-picture; web-share\" referrerpolicy=\"strict-origin-when-cross-origin\" allowfullscreen><\/iframe>\n<\/div><\/figure>\n\n\n<p class=\"s3\"><span class=\"s4\">Adriana Mach\u00e1\u010dov\u00e1 nap\u00edsala 3 \u00faspe\u0161n\u00e9 rom\u00e1ny s\u00a0publicistom a\u00a0spisovate\u013eom Robertom Dydom. Ten si pre\u010d\u00edtal jej najnov\u0161iu knihu. <\/span><span class=\"s6\">\u201eNa rom\u00e1noch Adriany Mach\u00e1\u010dovej ma v\u017edy nadchne skuto\u010dnos\u0165, \u017ee nepr\u00edde len so zauj\u00edmav\u00fdm n\u00e1metom, ale tot\u00e1lne ma prekvap\u00ed ako ho spracuje. Svoju novinku Daj mi svoj strach za\u010d\u00edna skvel\u00fdm n\u00e1padom, ako sa d\u00e1 skrz mo\u017en\u00e9 darovanie obli\u010dky odhali\u0165 rok<\/span><span class=\"s6\">y ututl\u00e1van\u00e9 tajomstvo v zdanlivo \u0161\u0165astnej rodine,\u201c<\/span><span class=\"s4\"> tvrd\u00ed Robert. <\/span><\/p>\n<p class=\"s3\"><span class=\"s4\">V pr\u00edbehu sme svedkami r\u00f4znych foriem n\u00e1silia, ktor\u00e9 postupne vyjd\u00fa na povrch, ale <\/span><span class=\"s4\">jeho<\/span><span class=\"s4\">osobne najviac zaujalo, ako \u013eahko dok\u00e1\u017eu t\u00ed, \u010do ubli\u017euj\u00fa, z\u013eah\u010dova\u0165 svoje \u010diny sp\u00f4sobom, \u017ee ve\u010f sa predsa a\u017e tak ve\u013ea nestalo. <\/span><span class=\"s6\">\u201eAk sa vo\u010di tomu nepostav\u00edme v rodin\u00e1ch, tak bagateliz\u00e1ciu zla na \u00farovni spolo\u010dnosti v zmysle, vy\u0161etrovanie sa skon\u010dilo, zabudnite, nezastav\u00edme,\u201c<\/span><span class=\"s4\"> dod\u00e1va R.Dyda. <\/span><\/p>\n<p class=\"s9\"><span class=\"s6\">Milan Buno, kni\u017en\u00fd publicista<\/span><\/p>\n<p class=\"s3\"><span class=\"s4\">Daj mi svoj strach:<\/span> <a href=\"https:\/\/www.bux.sk\/knihy\/763869-daj-mi-svoj-strach.html\"><span class=\"s10\">https:\/\/www.bux.sk\/knihy\/763869-daj-mi-svoj-strach.html<\/span><\/a><\/p>","protected":false},"excerpt":{"rendered":"<p>Mu\u017e ju opustil, dc\u00e9ra ju za\u010dala nen\u00e1vidie\u0165&#8230;a pritom ona bola obe\u0165ou V najnov\u0161om pr\u00edbehu Adriany Mach\u00e1\u010dovej Daj mi svoj strach sa hlavn\u00e1 hrdinka po traumatickom z\u00e1\u017eitku pohr\u00fa\u017ei do sebaobrann\u00e9ho zab\u00fadania. Monika Regentov\u00e1 \u017eije v il\u00fazii, \u017ee jej tajomstvo nikdy nevypl\u00e1va na povrch a rany osudu zahoj\u00ed \u010das. Len\u017ee \u010das je ve\u013ek\u00fd klam\u00e1r. O tom vie aj Monika svoje. \u201eMami, ale hovor\u00ed sa, \u017ee \u010das zahoj\u00ed v\u0161etky rany. Chce to len \u010das.\u201c \u201eAch, Beky,\u201c povzdychla som si. \u201e\u010cas je ve\u013ek\u00fd klam\u00e1r. O\u00a0tom viem svoje.\u201c Hlavn\u00e1 hrdinka Monika Regentov\u00e1 za\u017eije v\u00a0mlad\u0161om veku naozaj traumatick\u00fa sk\u00fasenos\u0165 a\u00a0odvtedy sa sna\u017e\u00ed nemyslie\u0165 na to. Zabudn\u00fa\u0165. \u017dije v il\u00fazii, \u017ee jej tajomstvo nikdy nevypl\u00e1va na povrch a rany osudu zahoj\u00ed \u010das. Len\u017ee \u010das je ve\u013ek\u00fd klam\u00e1r. O tom vie Monika svoje. Svet sa jej zr\u00fati vo chv\u00edli, ke\u010f jej dc\u00e9ru Rebeku s vysok\u00fdmi hor\u00fa\u010dkami hospitalizuj\u00fa v nemocnici. Spomienky sa Monike zjavuj\u00fa pred o\u010dami ako zaseknut\u00e1 slu\u010dka filmu. Roky sa uchy\u013eovala ku klamstv\u00e1m, a kto raz za\u010dne klama\u0165, len \u0165a\u017eko sa z toho klbka vymot\u00e1. Pred genetick\u00fdm vy\u0161etren\u00edm oboch man\u017eelov Monike nezost\u00e1va ni\u010d in\u00e9, iba vyjs\u0165 s pravdou von. Mu\u017eovi ozn\u00e1mi, \u017ee nie je Rebekin biologick\u00fd otec. Roman je zdrven\u00fd, v dc\u00e9ra sa videl, miloval ju. Po [&hellip;]<\/p>\n","protected":false},"author":1,"featured_media":4281,"comment_status":"closed","ping_status":"closed","sticky":false,"template":"single-sidebar.php","format":"standard","meta":{"footnotes":""},"categories":[14],"tags":[30,29,31,37],"class_list":["post-4279","post","type-post","status-publish","format-standard","has-post-thumbnail","hentry","category-novinky","tag-recenzia","tag-relax","tag-tip","tag-zena"],"aioseo_notices":[],"_links":{"self":[{"href":"https:\/\/www.magickazena.sk\/magazin\/wp-json\/wp\/v2\/posts\/4279","targetHints":{"allow":["GET"]}}],"collection":[{"href":"https:\/\/www.magickazena.sk\/magazin\/wp-json\/wp\/v2\/posts"}],"about":[{"href":"https:\/\/www.magickazena.sk\/magazin\/wp-json\/wp\/v2\/types\/post"}],"author":[{"embeddable":true,"href":"https:\/\/www.magickazena.sk\/magazin\/wp-json\/wp\/v2\/users\/1"}],"replies":[{"embeddable":true,"href":"https:\/\/www.magickazena.sk\/magazin\/wp-json\/wp\/v2\/comments?post=4279"}],"version-history":[{"count":1,"href":"https:\/\/www.magickazena.sk\/magazin\/wp-json\/wp\/v2\/posts\/4279\/revisions"}],"predecessor-version":[{"id":4283,"href":"https:\/\/www.magickazena.sk\/magazin\/wp-json\/wp\/v2\/posts\/4279\/revisions\/4283"}],"wp:featuredmedia":[{"embeddable":true,"href":"https:\/\/www.magickazena.sk\/magazin\/wp-json\/wp\/v2\/media\/4281"}],"wp:attachment":[{"href":"https:\/\/www.magickazena.sk\/magazin\/wp-json\/wp\/v2\/media?parent=4279"}],"wp:term":[{"taxonomy":"category","embeddable":true,"href":"https:\/\/www.magickazena.sk\/magazin\/wp-json\/wp\/v2\/categories?post=4279"},{"taxonomy":"post_tag","embeddable":true,"href":"https:\/\/www.magickazena.sk\/magazin\/wp-json\/wp\/v2\/tags?post=4279"}],"curies":[{"name":"wp","href":"https:\/\/api.w.org\/{rel}","templated":true}]}}