{"id":4483,"date":"2025-01-17T14:36:17","date_gmt":"2025-01-17T13:36:17","guid":{"rendered":"https:\/\/www.magickazena.sk\/magazin\/?p=4483"},"modified":"2025-01-17T14:36:18","modified_gmt":"2025-01-17T13:36:18","slug":"bestseller-ktory-vas-prinuti-zamysliet-sa-nad-velkymi-otazkami-ludskeho-zivota","status":"publish","type":"post","link":"https:\/\/www.magickazena.sk\/magazin\/2025\/01\/17\/bestseller-ktory-vas-prinuti-zamysliet-sa-nad-velkymi-otazkami-ludskeho-zivota\/","title":{"rendered":"BESTSELLER, KTOR\u00dd V\u00c1S PRIN\u00daTI ZAMYSLIE\u0164 SA NAD VE\u013dK\u00ddMI OT\u00c1ZKAMI \u013dUDSK\u00c9HO \u017dIVOTA"},"content":{"rendered":"\n<div class=\"wp-block-image\"><figure class=\"aligncenter size-large is-resized\"><img decoding=\"async\" src=\"https:\/\/www.magickazena.sk\/magazin\/wp-content\/uploads\/2025\/01\/sofiin-svet-1024x1024.png\" alt=\"\" class=\"wp-image-4484\" width=\"-467\" height=\"-467\" srcset=\"https:\/\/www.magickazena.sk\/magazin\/wp-content\/uploads\/2025\/01\/sofiin-svet-1024x1024.png 1024w, https:\/\/www.magickazena.sk\/magazin\/wp-content\/uploads\/2025\/01\/sofiin-svet-300x300.png 300w, https:\/\/www.magickazena.sk\/magazin\/wp-content\/uploads\/2025\/01\/sofiin-svet-150x150.png 150w, https:\/\/www.magickazena.sk\/magazin\/wp-content\/uploads\/2025\/01\/sofiin-svet-768x768.png 768w, https:\/\/www.magickazena.sk\/magazin\/wp-content\/uploads\/2025\/01\/sofiin-svet-1536x1536.png 1536w, https:\/\/www.magickazena.sk\/magazin\/wp-content\/uploads\/2025\/01\/sofiin-svet-2048x2048.png 2048w\" sizes=\"(max-width: 1024px) 100vw, 1024px\" \/><\/figure><\/div>\n\n\n<p style=\"font-weight: 400;\"><strong>Medzin\u00e1rodn\u00fd bestseller o \u017eivote, vesm\u00edre a v\u0161etkom&#8230; \u010co viac by ste si od knihy mohli pria\u0165? Titul <\/strong><a href=\"https:\/\/www.albatrosmedia.sk\/tituly\/20538248\/sofiin-svet\/\"><strong>Sofiin svet<\/strong><\/a><strong> vych\u00e1dza pod zna\u010dkou Albatros vydavate\u013esk\u00e9ho domu Albatros Media Slovakia 17. janu\u00e1ra 2025 a hoci je ur\u010den\u00fd mlad\u00fdm \u010ditate\u013eom od dvan\u00e1s\u0165 rokov, s \u013eahkos\u0165ou si dok\u00e1\u017ee podmani\u0165 aj dospel\u00fdch.<\/strong><\/p>\n<p style=\"font-weight: 400;\"><strong>\u00a0<\/strong>Jostein Gaarder, jeden z najv\u00fdznamnej\u0161\u00edch n\u00f3rskych spisovate\u013eov, e\u0161te v roku 1991 brav\u00farne spojil zdanlivo neatrakt\u00edvne t\u00e9my ako s\u00fa dejiny filozofie a pr\u00edbeh dospievania \u0161trn\u00e1s\u0165ro\u010dn\u00e9ho diev\u010da\u0165a. Kniha Sofiin svet si zakr\u00e1tko podmanila \u010ditate\u013eov doslova naprie\u010d plan\u00e9tou, prelo\u017eili ju do viac ne\u017e p\u00e4\u0165desiatich jazykov a v roku 1995 sa stala najpred\u00e1vanej\u0161ou na svete! Narazi\u0165 ste mohli aj na jej sfilmovan\u00fa verziu (celove\u010dern\u00fd film i telev\u00edzny seri\u00e1l) a Sofiin svet bol spracovan\u00fd tie\u017e do podoby stolovej a po\u010d\u00edta\u010dovej hry.<\/p>\n<p style=\"font-weight: 400;\"><strong>\u201eJe to naozaj, ale naozaj pekn\u00fd sp\u00f4sob, ako sa obozn\u00e1mi\u0165 s t\u00fdm, \u010do niektor\u00ed z ve\u013ek\u00fdch filozofov hovorili o svete,\u201c<\/strong> skon\u0161tatoval oce\u0148ovan\u00fd britsk\u00fd vedeck\u00fd spisovate\u013e Jim Baggott a v denn\u00edku The Guardian nap\u00edsali, \u017ee <strong>\u201et\u00e1to kniha v\u00e1s nau\u010d\u00ed, pre\u010do s\u00fa deti najlep\u0161\u00edmi filozofmi a pre\u010do je lego najgeni\u00e1lnej\u0161ou hra\u010dkou na svete.\u201c<\/strong><\/p>\n<p style=\"font-weight: 400;\">V centre pr\u00edbehu je Sofia Amundsenov\u00e1, ktor\u00e1 jedn\u00e9ho d\u0148a n\u00e1jde v po\u0161tovej schr\u00e1nke dva listy s ot\u00e1zkami: \u201eKto si?\u201c a \u201eOdkia\u013e je svet?\u201c. Tieto ot\u00e1zky ju tak zaujm\u00fa, \u017ee nad nimi nedok\u00e1\u017ee presta\u0165 prem\u00fd\u0161\u013ea\u0165. Prostredn\u00edctvom listov, ktor\u00e9 jej za\u010dn\u00fa chodi\u0165, sa st\u00e1va \u00fa\u010dastn\u00ed\u010dkou ak\u00e9hosi kore\u0161ponden\u010dn\u00e9ho kurzu filozofie. Jej tajomn\u00fd u\u010dite\u013e a filozof Alberto Knox sprev\u00e1dza Sofiu dejinami filozofie a odpovede na jeho ot\u00e1zky ju zaved\u00fa \u010faleko za hranice rodnej n\u00f3rskej dediny.<\/p>\n<p style=\"font-weight: 400;\">Kniha je s\u00edce nap\u00edsan\u00e1 tak, aby ju zvl\u00e1dol detsk\u00fd \u010ditate\u013e, no jej brilantn\u00fd pr\u00edbeh, ktor\u00fd v\u00e1s prin\u00fati zamyslie\u0165 sa nad ve\u013ek\u00fdmi ot\u00e1zkami \u013eudsk\u00e9ho \u017eivota, okam\u017eite chyt\u00ed ka\u017ed\u00e9ho. Koniec koncov, samotn\u00fd autor ju nazval u\u010debnicou, ur\u010denou ka\u017ed\u00e9mu bez oh\u013eadu na vek.<\/p>","protected":false},"excerpt":{"rendered":"<p>Medzin\u00e1rodn\u00fd bestseller o \u017eivote, vesm\u00edre a v\u0161etkom&#8230; \u010co viac by ste si od knihy mohli pria\u0165? Titul Sofiin svet vych\u00e1dza pod zna\u010dkou Albatros vydavate\u013esk\u00e9ho domu Albatros Media Slovakia 17. janu\u00e1ra 2025 a hoci je ur\u010den\u00fd mlad\u00fdm \u010ditate\u013eom od dvan\u00e1s\u0165 rokov, s \u013eahkos\u0165ou si dok\u00e1\u017ee podmani\u0165 aj dospel\u00fdch. \u00a0Jostein Gaarder, jeden z najv\u00fdznamnej\u0161\u00edch n\u00f3rskych spisovate\u013eov, e\u0161te v roku 1991 brav\u00farne spojil zdanlivo neatrakt\u00edvne t\u00e9my ako s\u00fa dejiny filozofie a pr\u00edbeh dospievania \u0161trn\u00e1s\u0165ro\u010dn\u00e9ho diev\u010da\u0165a. Kniha Sofiin svet si zakr\u00e1tko podmanila \u010ditate\u013eov doslova naprie\u010d plan\u00e9tou, prelo\u017eili ju do viac ne\u017e p\u00e4\u0165desiatich jazykov a v roku 1995 sa stala najpred\u00e1vanej\u0161ou na svete! Narazi\u0165 ste mohli aj na jej sfilmovan\u00fa verziu (celove\u010dern\u00fd film i telev\u00edzny seri\u00e1l) a Sofiin svet bol spracovan\u00fd tie\u017e do podoby stolovej a po\u010d\u00edta\u010dovej hry. \u201eJe to naozaj, ale naozaj pekn\u00fd sp\u00f4sob, ako sa obozn\u00e1mi\u0165 s t\u00fdm, \u010do niektor\u00ed z ve\u013ek\u00fdch filozofov hovorili o svete,\u201c skon\u0161tatoval oce\u0148ovan\u00fd britsk\u00fd vedeck\u00fd spisovate\u013e Jim Baggott a v denn\u00edku The Guardian nap\u00edsali, \u017ee \u201et\u00e1to kniha v\u00e1s nau\u010d\u00ed, pre\u010do s\u00fa deti najlep\u0161\u00edmi filozofmi a pre\u010do je lego najgeni\u00e1lnej\u0161ou hra\u010dkou na svete.\u201c V centre pr\u00edbehu je Sofia Amundsenov\u00e1, ktor\u00e1 jedn\u00e9ho d\u0148a n\u00e1jde v po\u0161tovej schr\u00e1nke dva listy s ot\u00e1zkami: \u201eKto si?\u201c a \u201eOdkia\u013e je svet?\u201c. Tieto ot\u00e1zky ju [&hellip;]<\/p>\n","protected":false},"author":1,"featured_media":4485,"comment_status":"closed","ping_status":"open","sticky":false,"template":"single-sidebar.php","format":"standard","meta":{"footnotes":""},"categories":[14],"tags":[29,31,123],"class_list":["post-4483","post","type-post","status-publish","format-standard","has-post-thumbnail","hentry","category-novinky","tag-relax","tag-tip","tag-tlacova-sprava"],"aioseo_notices":[],"_links":{"self":[{"href":"https:\/\/www.magickazena.sk\/magazin\/wp-json\/wp\/v2\/posts\/4483","targetHints":{"allow":["GET"]}}],"collection":[{"href":"https:\/\/www.magickazena.sk\/magazin\/wp-json\/wp\/v2\/posts"}],"about":[{"href":"https:\/\/www.magickazena.sk\/magazin\/wp-json\/wp\/v2\/types\/post"}],"author":[{"embeddable":true,"href":"https:\/\/www.magickazena.sk\/magazin\/wp-json\/wp\/v2\/users\/1"}],"replies":[{"embeddable":true,"href":"https:\/\/www.magickazena.sk\/magazin\/wp-json\/wp\/v2\/comments?post=4483"}],"version-history":[{"count":1,"href":"https:\/\/www.magickazena.sk\/magazin\/wp-json\/wp\/v2\/posts\/4483\/revisions"}],"predecessor-version":[{"id":4486,"href":"https:\/\/www.magickazena.sk\/magazin\/wp-json\/wp\/v2\/posts\/4483\/revisions\/4486"}],"wp:featuredmedia":[{"embeddable":true,"href":"https:\/\/www.magickazena.sk\/magazin\/wp-json\/wp\/v2\/media\/4485"}],"wp:attachment":[{"href":"https:\/\/www.magickazena.sk\/magazin\/wp-json\/wp\/v2\/media?parent=4483"}],"wp:term":[{"taxonomy":"category","embeddable":true,"href":"https:\/\/www.magickazena.sk\/magazin\/wp-json\/wp\/v2\/categories?post=4483"},{"taxonomy":"post_tag","embeddable":true,"href":"https:\/\/www.magickazena.sk\/magazin\/wp-json\/wp\/v2\/tags?post=4483"}],"curies":[{"name":"wp","href":"https:\/\/api.w.org\/{rel}","templated":true}]}}