{"id":792,"date":"2020-10-16T17:40:00","date_gmt":"2020-10-16T15:40:00","guid":{"rendered":"https:\/\/www.magickazena.sk\/magazin\/?p=792"},"modified":"2020-10-16T17:40:11","modified_gmt":"2020-10-16T15:40:11","slug":"na-jesen-rozhodujete-o-jari","status":"publish","type":"post","link":"https:\/\/www.magickazena.sk\/magazin\/2020\/10\/16\/na-jesen-rozhodujete-o-jari\/","title":{"rendered":"Na jese\u0148 rozhodujete o jari"},"content":{"rendered":"\n<figure class=\"wp-block-image size-large is-style-default\"><img loading=\"lazy\" decoding=\"async\" width=\"1024\" height=\"683\" src=\"https:\/\/www.magickazena.sk\/magazin\/wp-content\/uploads\/2020\/10\/flower-3161201_1920-1024x683.jpg\" alt=\"\" class=\"wp-image-795\" srcset=\"https:\/\/www.magickazena.sk\/magazin\/wp-content\/uploads\/2020\/10\/flower-3161201_1920-1024x683.jpg 1024w, https:\/\/www.magickazena.sk\/magazin\/wp-content\/uploads\/2020\/10\/flower-3161201_1920-300x200.jpg 300w, https:\/\/www.magickazena.sk\/magazin\/wp-content\/uploads\/2020\/10\/flower-3161201_1920-768x512.jpg 768w, https:\/\/www.magickazena.sk\/magazin\/wp-content\/uploads\/2020\/10\/flower-3161201_1920-1536x1024.jpg 1536w, https:\/\/www.magickazena.sk\/magazin\/wp-content\/uploads\/2020\/10\/flower-3161201_1920.jpg 1920w\" sizes=\"auto, (max-width: 1024px) 100vw, 1024px\" \/><figcaption>Obr\u00e1zok od&nbsp;<a href=\"https:\/\/pixabay.com\/sk\/users\/jplenio-7645255\/?utm_source=link-attribution&amp;utm_medium=referral&amp;utm_campaign=image&amp;utm_content=3161201\">My pictures are CC0. When doing composings:<\/a>&nbsp;z&nbsp;<a href=\"https:\/\/pixabay.com\/sk\/?utm_source=link-attribution&amp;utm_medium=referral&amp;utm_campaign=image&amp;utm_content=3161201\">Pixabay<\/a>&nbsp;<\/figcaption><\/figure>\n\n\n<p>Jese\u0148 v pr\u00edrode upratuje po lete, po\u010das ktor\u00e9ho va\u0161a z\u00e1hrada zakvitla <strong>mno\u017estvom letni\u010diek<\/strong>. Nie\u017eeby nebolo \u010do v z\u00e1hrade obdivova\u0165 aj teraz, ale predsa len c\u00edti\u0165, \u017ee pre tento rok padla. Z\u00e1rove\u0148 v\u0161ak po\u010das jesene rozhodujete o tom, ako bude va\u0161a z\u00e1hrada vyzera\u0165 na jar, \u010do v\u00e1m prv\u00e9 vykukne zo zeme. Je \u010das na sadenie cibu\u013eov\u00edn, ktor\u00e9 bud\u00fa kvitn\u00fa\u0165 pr\u00e1ve v jarn\u00fdch mesiacoch. Takisto je \u010das preorganizova\u0165 z\u00e1hradu a urobi\u0165 v nej r\u00f4zne stavebn\u00e9 \u00fapravy.<\/p>\n<p>Z odkvitnut\u00fdch letni\u010diek si m\u00f4\u017eete e\u0161te st\u00e1le zobra\u0165 semen\u00e1. <em>Nemus\u00edte si potom v bud\u00facom roku v obchode kupova\u0165 nov\u00e9, nie\u010do tak u\u0161etr\u00edte.<\/em> Nikto v\u00e1m nezaru\u010d\u00ed, \u017ee ka\u017ed\u00e9 z t\u00fdchto semienok sa na jar ujme, ale m\u00f4\u017eete ich zozbiera\u0165 dostato\u010dn\u00e9 mno\u017estvo, aby ste sa poistili. Ak aj neuspejete, e\u0161te v\u017edy si m\u00f4\u017eete potom na jar sko\u010di\u0165 do obchodu a k\u00fapi\u0165 osivo vo vrec\u00fa\u0161ku.<\/p>\n<p>Na jese\u0148 sa postarajte aj o svoj tr\u00e1vnik. Tejto t\u00e9me sa niekedy budeme venova\u0165 podrobnej\u0161ie, tak\u017ee len stru\u010dne &#8211; urobte d\u00f4kladn\u00fa prehliadku, popasujte sa s burinami (\u010di u\u017e mechanicky alebo chemicky), m\u00f4\u017eete urobi\u0165 posledn\u00fa vertikut\u00e1ciu, dosadi\u0165 plochy, ktor\u00e9 s\u00fa po\u0161koden\u00e9, aplikova\u0165 jesenn\u00e9 hnojivo, aby sa tr\u00e1vnik spam\u00e4tal po kosen\u00ed po\u010das sez\u00f3ny. Ak chcete vysadi\u0165 <strong>nov\u00fd tr\u00e1vnik,<\/strong> tak si dajte term\u00edn do konca okt\u00f3bra. Sadenie na jese\u0148 u\u013eah\u010duj\u00fa aj ni\u017e\u0161ie teploty a men\u0161\u00ed v\u00fdpar vody, ke\u010f\u017ee semeno tr\u00e1vy by malo vyrasta\u0165 v navlh\u010denom prostred\u00ed. Pom\u00e1ha aj rann\u00e1 rosa. Ak aj na jese\u0148 nebude tr\u00e1vnik ako z v\u00fdstavy, nebojte sa, na jar sa rozzelen\u00e1.<\/p>\n<p>V z\u00e1hrade v\u00e1m na jese\u0148 zostane mno\u017estvo odumret\u00fdch \u010dast\u00ed rastl\u00edn. Nemus\u00edte ich v\u0161ak odstra\u0148ova\u0165 u\u017e teraz, maj\u00fa svoju d\u00f4le\u017eit\u00fa \u00falohu, chr\u00e1nia tie \u010dasti rastl\u00edn, ktor\u00e9 musia pre\u017ei\u0165 do jari. V re\u00e1lnej pr\u00edrode tie\u017e niekto nechod\u00ed upratova\u0165. Navy\u0161e, ke\u010f v zime primrzne a objav\u00ed sa srie\u0148, zvy\u0161ky kvetov dok\u00e1\u017eu vytvori\u0165 a\u017e bizarn\u00e9 tvary. T\u00fato pr\u00e1cu si m\u00f4\u017eete necha\u0165 na jar.<\/p>\n<p>Samostatnou kapitolou je l\u00edstie zo stromov. Nezab\u00fadajte, \u017ee na ich zber po opadnut\u00ed zo stromov je u\u017eito\u010dn\u00e9 ma\u0165 patri\u010dn\u00e9 n\u00e1stroje &#8211; od \u0161peci\u00e1lnych hrabl\u00ed a\u017e po vys\u00e1va\u010d l\u00edstia. Zozbiera\u0165 sa d\u00e1 aj s pomocou kosa\u010dky s ko\u0161om. Ale kam s l\u00edst\u00edm? Mnoh\u00ed z\u00e1hradk\u00e1ri si nevedia vynachv\u00e1li\u0165 takzvan\u00fa listovku. Jej prv\u00fdm predpokladom je l\u00edstie, \u010fal\u0161\u00edmi p\u00f4sobenie r\u00f4znych organizmov, h\u00fab a plesn\u00ed. <em>&#8222;Vyr\u00e1ba&#8220;<\/em> sa za studena, ale potrebuje ve\u013ea vlhkosti. Zhrabte l\u00edstie, prikryte ho nie\u010d\u00edm, aby sa vo veternom po\u010das\u00ed nerozletelo po okol\u00ed (m\u00f4\u017eete ho da\u0165 aj do igelitov\u00e9ho vreca, ktor\u00e9 prederav\u00edte) a potom ho u\u017e len pravidelne polievajte. Listy m\u00f4\u017eete aj podrvi\u0165, aby sa \u013eah\u0161ie rozkladali (napr\u00edklad v pr\u00edpade orecha je to priam \u017eiaduce). Ob\u010das ho treba l\u00edstie <em>&#8222;prevetra\u0165&#8220;<\/em> &#8211; premie\u0161a\u0165, aby sa k nemu dostal vzduch. Po roku, niekedy po dvoch, dostane kr\u00e1sne rozpadnut\u00fd rastlinn\u00fd materi\u00e1l, ktor\u00fd je mo\u017en\u00e9 pou\u017ei\u0165 na mul\u010dovanie a z\u00e1rove\u0148 na obohatenie p\u00f4dy.<\/p>\n<p>Na jese\u0148 sa n\u00e1m z\u00e1hrada pekne obna\u017e\u00ed, \u010di\u017ee m\u00e1me mo\u017enos\u0165 si premyslie\u0165, ako by mohla vyzera\u0165 na jar. Je vhodn\u00fd \u010das na pl\u00e1novanie, kam da\u0165 jarn\u00e9 cibu\u013eoviny, kam p\u00f4jdu letni\u010dky. S trvalkami zrejme nepohneme, ale ak m\u00e1me k\u00fasok z\u00e1hrady, kde m\u00f4\u017eeme meni\u0165 ka\u017ed\u00fd rok jednu scen\u00e9riu za in\u00fa, mali by sme to vyu\u017ei\u0165. Prem\u00fd\u0161\u013eajte, kreslite si to, prech\u00e1dzajte sa po z\u00e1hrade a predstavujte si, ako bude vyzera\u0165 rozkvitnut\u00e1 z\u00e1hrada.<\/p>\n<p>Tak, a sme pri cibu\u013eovin\u00e1ch.<strong> Okt\u00f3ber a november<\/strong> je vhodn\u00fd na ich sadenie, v pr\u00edpade dobr\u00e9ho po\u010dasia a teplej\u0161ej zimy najm\u00e4 na juhu ich pokojne m\u00f4\u017eeme posadi\u0165 a\u017e v decembri. Ak n\u00e1jdete pred koncom roka cibule vo v\u00fdpredaji a vonku nie je zamrznut\u00e1 p\u00f4da, pokojne si ich k\u00fapte. Bude to lacnej\u0161ie a na jar rovnako pekn\u00e9 ako tie, ktor\u00e9 ste posadili sk\u00f4r. Ide\u00e1lna teplota na sadenie je pribli\u017ene desa\u0165 stup\u0148ov, ale &#8211; ako sme u\u017e povedali &#8211; daj\u00fa sa sadi\u0165, k\u00fdm p\u00f4da nezamrzne. Sad\u00edme ich zvy\u010dajne do h\u013abky dvojn\u00e1sobku, maxim\u00e1lne trojn\u00e1sobku ve\u013ekosti cibu\u013eky. Ak ste sa pom\u00fdlili a zasadili ich plytko, m\u00f4\u017ee sa sta\u0165, \u017ee v\u00e1m doslova vylez\u00fa na povrch. V takom pr\u00edpade ich zasypte dodato\u010dne vrstvou zeminy.<\/p>\n<p>Na jar spolu so slnie\u010dkom v\u00e1m cibu\u013eoviny postupne za\u010dn\u00fa vyrasta\u0165, bude to pastva pre o\u010di a potecha pre srdce. <strong>Tak nev\u00e1hajte, u\u017e dnes m\u00f4\u017eete rozhodn\u00fa\u0165, \u010d\u00edm sa budete kocha\u0165 na jar.<\/strong><\/p>\n<pre><strong>Arch\u00edv 2016, nap\u00edsal: mn<\/strong><\/pre>","protected":false},"excerpt":{"rendered":"<p>Jese\u0148 v pr\u00edrode upratuje po lete, po\u010das ktor\u00e9ho va\u0161a z\u00e1hrada zakvitla mno\u017estvom letni\u010diek. Nie\u017eeby nebolo \u010do v z\u00e1hrade obdivova\u0165 aj teraz, ale predsa len c\u00edti\u0165, \u017ee pre tento rok padla. Z\u00e1rove\u0148 v\u0161ak po\u010das jesene rozhodujete o tom, ako bude va\u0161a z\u00e1hrada vyzera\u0165 na jar, \u010do v\u00e1m prv\u00e9 vykukne zo zeme. Je \u010das na sadenie cibu\u013eov\u00edn, ktor\u00e9 bud\u00fa kvitn\u00fa\u0165 pr\u00e1ve v jarn\u00fdch mesiacoch. Takisto je \u010das preorganizova\u0165 z\u00e1hradu a urobi\u0165 v nej r\u00f4zne stavebn\u00e9 \u00fapravy. Z odkvitnut\u00fdch letni\u010diek si m\u00f4\u017eete e\u0161te st\u00e1le zobra\u0165 semen\u00e1. Nemus\u00edte si potom v bud\u00facom roku v obchode kupova\u0165 nov\u00e9, nie\u010do tak u\u0161etr\u00edte. Nikto v\u00e1m nezaru\u010d\u00ed, \u017ee ka\u017ed\u00e9 z t\u00fdchto semienok sa na jar ujme, ale m\u00f4\u017eete ich zozbiera\u0165 dostato\u010dn\u00e9 mno\u017estvo, aby ste sa poistili. Ak aj neuspejete, e\u0161te v\u017edy si m\u00f4\u017eete potom na jar sko\u010di\u0165 do obchodu a k\u00fapi\u0165 osivo vo vrec\u00fa\u0161ku. Na jese\u0148 sa postarajte aj o svoj tr\u00e1vnik. Tejto t\u00e9me sa niekedy budeme venova\u0165 podrobnej\u0161ie, tak\u017ee len stru\u010dne &#8211; urobte d\u00f4kladn\u00fa prehliadku, popasujte sa s burinami (\u010di u\u017e mechanicky alebo chemicky), m\u00f4\u017eete urobi\u0165 posledn\u00fa vertikut\u00e1ciu, dosadi\u0165 plochy, ktor\u00e9 s\u00fa po\u0161koden\u00e9, aplikova\u0165 jesenn\u00e9 hnojivo, aby sa tr\u00e1vnik spam\u00e4tal po kosen\u00ed po\u010das sez\u00f3ny. Ak chcete vysadi\u0165 nov\u00fd tr\u00e1vnik, tak si dajte term\u00edn do konca okt\u00f3bra. Sadenie [&hellip;]<\/p>\n","protected":false},"author":1,"featured_media":808,"comment_status":"closed","ping_status":"closed","sticky":false,"template":"single-sidebar.php","format":"standard","meta":{"footnotes":""},"categories":[3],"tags":[34,24,33,21],"class_list":["post-792","post","type-post","status-publish","format-standard","has-post-thumbnail","hentry","category-zdravieakrasa","tag-jesen","tag-krasa","tag-zahrada","tag-zdravie"],"aioseo_notices":[],"_links":{"self":[{"href":"https:\/\/www.magickazena.sk\/magazin\/wp-json\/wp\/v2\/posts\/792","targetHints":{"allow":["GET"]}}],"collection":[{"href":"https:\/\/www.magickazena.sk\/magazin\/wp-json\/wp\/v2\/posts"}],"about":[{"href":"https:\/\/www.magickazena.sk\/magazin\/wp-json\/wp\/v2\/types\/post"}],"author":[{"embeddable":true,"href":"https:\/\/www.magickazena.sk\/magazin\/wp-json\/wp\/v2\/users\/1"}],"replies":[{"embeddable":true,"href":"https:\/\/www.magickazena.sk\/magazin\/wp-json\/wp\/v2\/comments?post=792"}],"version-history":[{"count":3,"href":"https:\/\/www.magickazena.sk\/magazin\/wp-json\/wp\/v2\/posts\/792\/revisions"}],"predecessor-version":[{"id":802,"href":"https:\/\/www.magickazena.sk\/magazin\/wp-json\/wp\/v2\/posts\/792\/revisions\/802"}],"wp:featuredmedia":[{"embeddable":true,"href":"https:\/\/www.magickazena.sk\/magazin\/wp-json\/wp\/v2\/media\/808"}],"wp:attachment":[{"href":"https:\/\/www.magickazena.sk\/magazin\/wp-json\/wp\/v2\/media?parent=792"}],"wp:term":[{"taxonomy":"category","embeddable":true,"href":"https:\/\/www.magickazena.sk\/magazin\/wp-json\/wp\/v2\/categories?post=792"},{"taxonomy":"post_tag","embeddable":true,"href":"https:\/\/www.magickazena.sk\/magazin\/wp-json\/wp\/v2\/tags?post=792"}],"curies":[{"name":"wp","href":"https:\/\/api.w.org\/{rel}","templated":true}]}}